{"id":147880,"date":"2026-02-09T19:41:01","date_gmt":"2026-02-09T22:41:01","guid":{"rendered":"https:\/\/eldiariodesanpedro.com.ar\/sitio\/san-nicolas-veranico-ofrece-noches-de-verano-con-musica-gastronomia-y-entretenimiento\/"},"modified":"2026-02-09T19:41:01","modified_gmt":"2026-02-09T22:41:01","slug":"san-nicolas-veranico-ofrece-noches-de-verano-con-musica-gastronomia-y-entretenimiento","status":"publish","type":"post","link":"https:\/\/eldiariodesanpedro.com.ar\/sitio\/san-nicolas-veranico-ofrece-noches-de-verano-con-musica-gastronomia-y-entretenimiento\/","title":{"rendered":"SAN NICOL\u00c1S | Veranico ofrece noches de verano con m\u00fasica, gastronom\u00eda y entretenimiento"},"content":{"rendered":"<p><!-- VideographyWP Plugin Message: Automatic video embedding prevented by plugin options. --><\/p>\n<p><strong>Veranico<\/strong> contin\u00faa posicion\u00e1ndose como una de las propuestas m\u00e1s atractivas de <strong>SAN NICOL\u00c1S<\/strong> para el verano. El evento, que tuvo un debut exitoso, brinda a residentes y visitantes la oportunidad de disfrutar de <strong>m\u00fasica en vivo, opciones gastron\u00f3micas variadas y entretenimiento al aire libre<\/strong> en el entorno de la <strong>Laguna Descubr\u00ed<\/strong>.<\/p>\n<p>La cita tiene lugar en la zona de <strong>Av. Viale y Paseo Costanero<\/strong>, transform\u00e1ndose en un punto de encuentro ideal para compartir con familiares y amigos. Con acceso gratuito y rodeado de un entorno natural, el evento despliega actividades para grandes y chicos, consolid\u00e1ndose como parte esencial del verano nicole\u00f1o.<\/p>\n<p>Durante su segunda edici\u00f3n, que se lleva a cabo del <strong>jueves 5 al domingo 8 de febrero<\/strong> de <strong>20:00 a 00:00<\/strong>, los asistentes pueden disfrutar de presentaciones de <strong>bandas locales<\/strong>, tributos a artistas reconocidos y la animaci\u00f3n del DJ <strong>Juanse Men\u00e9ndez<\/strong>, garantizando cada noche una experiencia diferente.<\/p>\n<p>Adem\u00e1s de la programaci\u00f3n musical, <strong>Veranico<\/strong> incorpora una amplia variedad de <strong>foodtrucks<\/strong>, adaptados a todos los gustos, y un parque inflable llamado \u00abFlora\u00bb, pensado para la diversi\u00f3n segura de los m\u00e1s peque\u00f1os mientras los mayores aprovechan el aire libre.<\/p>\n<p>Tras una primera etapa con gran afluencia de p\u00fablico, <strong>San Nicol\u00e1s<\/strong> consolida su imagen como un destino destacado para quienes buscan actividades nocturnas y recreativas durante la temporada estival, reforzando la propuesta cultural, musical y de esparcimiento en la regi\u00f3n.<\/p>\n","protected":false},"excerpt":{"rendered":"<p>El evento Veranico transforma las noches en San Nicol\u00e1s con propuestas musicales, gastron\u00f3micas y recreativas para toda la familia junto a la Laguna Descubr\u00ed.<\/p>\n","protected":false},"author":4,"featured_media":147879,"comment_status":"","ping_status":"","sticky":false,"template":"","format":"standard","meta":{"om_disable_all_campaigns":false,"_jetpack_memberships_contains_paid_content":false,"footnotes":""},"categories":[621],"tags":[],"class_list":["post-147880","post","type-post","status-publish","format-standard","has-post-thumbnail","hentry","category-regionales"],"aioseo_notices":[],"gutentor_comment":0,"jetpack_featured_media_url":"https:\/\/eldiariodesanpedro.com.ar\/sitio\/wp-content\/uploads\/2026\/02\/no_btim3bfv8yc2usz4_de_febrero_20260202_171658_0000.jpg","jetpack_shortlink":"https:\/\/wp.me\/p6RhLt-Cta","jetpack_sharing_enabled":true,"_links":{"self":[{"href":"https:\/\/eldiariodesanpedro.com.ar\/sitio\/wp-json\/wp\/v2\/posts\/147880","targetHints":{"allow":["GET"]}}],"collection":[{"href":"https:\/\/eldiariodesanpedro.com.ar\/sitio\/wp-json\/wp\/v2\/posts"}],"about":[{"href":"https:\/\/eldiariodesanpedro.com.ar\/sitio\/wp-json\/wp\/v2\/types\/post"}],"author":[{"embeddable":true,"href":"https:\/\/eldiariodesanpedro.com.ar\/sitio\/wp-json\/wp\/v2\/users\/4"}],"replies":[{"embeddable":true,"href":"https:\/\/eldiariodesanpedro.com.ar\/sitio\/wp-json\/wp\/v2\/comments?post=147880"}],"version-history":[{"count":0,"href":"https:\/\/eldiariodesanpedro.com.ar\/sitio\/wp-json\/wp\/v2\/posts\/147880\/revisions"}],"wp:featuredmedia":[{"embeddable":true,"href":"https:\/\/eldiariodesanpedro.com.ar\/sitio\/wp-json\/wp\/v2\/media\/147879"}],"wp:attachment":[{"href":"https:\/\/eldiariodesanpedro.com.ar\/sitio\/wp-json\/wp\/v2\/media?parent=147880"}],"wp:term":[{"taxonomy":"category","embeddable":true,"href":"https:\/\/eldiariodesanpedro.com.ar\/sitio\/wp-json\/wp\/v2\/categories?post=147880"},{"taxonomy":"post_tag","embeddable":true,"href":"https:\/\/eldiariodesanpedro.com.ar\/sitio\/wp-json\/wp\/v2\/tags?post=147880"}],"curies":[{"name":"wp","href":"https:\/\/api.w.org\/{rel}","templated":true}]}}