{"id":14786,"date":"2017-02-15T21:28:22","date_gmt":"2017-02-16T00:28:22","guid":{"rendered":"https:\/\/eldiariodesanpedro.com.ar\/sitio\/?p=14786"},"modified":"2026-01-24T00:31:03","modified_gmt":"2026-01-24T03:31:03","slug":"juan-cruz-nadal-el-mundo-esta-en-manos-de-aquellos-que-tienen-el-coraje-de-sonar-y-de-correr-el-riesgo-de-vivir-sus-suenos","status":"publish","type":"post","link":"https:\/\/eldiariodesanpedro.com.ar\/sitio\/juan-cruz-nadal-el-mundo-esta-en-manos-de-aquellos-que-tienen-el-coraje-de-sonar-y-de-correr-el-riesgo-de-vivir-sus-suenos\/","title":{"rendered":"Juan Cruz Nadal: \u00b4El mundo est\u00e1 en manos de aquellos que tienen el coraje de so\u00f1ar y de correr el riesgo de vivir sus sue\u00f1os\u00b4"},"content":{"rendered":"<p><!-- VideographyWP Plugin Message: Automatic video embedding prevented by plugin options. --><br \/>\nEl sue\u00f1o de primera se mira desde el arco, no es un arco cualquiera, es el de Newell\u00b4s de Rosario, un club que tiene mucha historia. El sampedrino Juan Cruz Nadal (18 a\u00f1os), ex Mitre, lo sabe, por eso desde hace varias temporadas comenz\u00f3 a so\u00f1ar, pero para ello apoya el sue\u00f1o con trabajo, ganas y mucha pasi\u00f3n. Como tantos chicos que van en busca de un futuro dentro del f\u00fatbol, se alejan de sus seres queridos, familiares, amigos, escuela, saben que no es f\u00e1cil, por eso Juan Cruz escribi\u00f3 \u00abEl mundo est\u00e1 en manos de aquellos que tienen el coraje de so\u00f1ar y de correr el riesgo de vivir sus sue\u00f1os\u00bb. \u00c9l corri\u00f3 ese riesgo.<\/p>\n<p>Juan Cruz Nadal, hijo y sobrino de arqueros (su t\u00edo \u00abChelo\u00bb lleg\u00f3 a jugar en la reserva del mismo club y fue parte del plantel de primera a finales de los ochenta) y abuelo buen jugador de f\u00fatbol, sabe que es dif\u00edcil y m\u00e1s en el puesto donde nadie los perdona, un error es un gol.<\/p>\n<p>Nos cont\u00f3 \u00abAhora estoy en reserva es mi primer pretemporada y ya estoy con el grupo desde finales del a\u00f1o pasado. La verdad que estoy muy c\u00f3modo, el a\u00f1o anterior ataje en 5ta de AFA y fui al banco de reserva contra Racing\u00bb, para agregar \u00bb los \u00faltimos dos meses y medio a entrenar con reserva y bajaba a jugar con mi categor\u00eda, pero voy paso por paso, tengo dos a\u00f1os y medio de 4ta. todav\u00eda\u00bb.<\/p>\n<p>Milton Valenzuela que esta actualmente jugando el sub 20 es compa\u00f1ero de Juan Cruz.<\/p>\n<p><strong>Alejo Macelli, espera en Independiente: Ya hizo f\u00fatbol con primera<\/strong><\/p>\n<p>Seguimos recorriendo los clubes de AFA y muchos chicos de nuestra ciudad esperan su oportunidad en el f\u00fatbol grande, pero claro est\u00e1, llegar en muy dif\u00edcil y complicado, donde no solo lo deportivo corre, otros factores a veces te pueden hacer llegar o dejarte afuera. En esa larga lista de j\u00f3venes promesas que salieron de la cantera de clubes locales est\u00e1 Alejo Macelli (mediocampista  con llegada al gol), quien tuvo un paso por las inferiores de Rosario Central y Def. de Belgrano de Villa Ramallo, pero su carrera la hizo en el club Mitre desde infantiles hasta debutar en primera divisi\u00f3n, adem\u00e1s de ser parte del platel campe\u00f3n del sub 17 de la Liga Sampedrina que jug\u00f3 el Nacional en Salta. <\/p>\n<p>Dialog\u00f3 con El Cl\u00e1sico, medio que observa muy de cerca los pasos de cada uno: \u201cYo estoy en la 4ta,  vengo de jugar en 5ta todos los partidos del a\u00f1o como titular y tuve una buena temporada ya que fui el \u00fanico jugador de la categor\u00eda que jug\u00f3 todo el a\u00f1o como titular\u201d nos explica, para agregar \u201centrenamos en el predio de Villa Dominico, mis expectativas son  poder subir a la reserva y sumar partidos ah\u00ed para que me puedan ver de primera y empezar la carrera como profesional, ya hice f\u00fatbol en algunas oportunidades contra la reserva, y desde que arranc\u00f3 esta pretemporada estoy 2 o 3 veces por semanas a entrenar con primera, hacemos de sparring, y eso es bueno, ya que me pueden ver los t\u00e9cnicos del plantel profesional y aparte se entrena en otro nivel, es una muy linda experiencia\u201d.<\/p>\n<p>Finalmente cont\u00f3 que tiene \u201cbuenas expectativas para este a\u00f1o, me tengo mucha fe, pero vamos paso a paso, todo a su tiempo llega\u201d.<\/p>\n<p>Para poder estar viviendo ese momento \u00fanico e irrepetible en su vida le agradece a \u201c a mis padres y a mis hermanos que sin ellos esto no ser\u00eda posible, y a Uds. Por estar cerca de todos los que jugamos afuera\u201d.<\/p>\n","protected":false},"excerpt":{"rendered":"<p>El sue\u00f1o de primera se mira desde el arco, no es un arco cualquiera, es el de Newell\u00b4s de Rosario, un club que tiene mucha historia. El sampedrino Juan Cruz Nadal (18 a\u00f1os), ex Mitre, lo sabe, por eso desde hace varias temporadas comenz\u00f3 a so\u00f1ar, pero para ello apoya el sue\u00f1o con trabajo, ganas [&hellip;]<\/p>\n","protected":false},"author":4,"featured_media":12943,"comment_status":"open","ping_status":"closed","sticky":false,"template":"","format":"standard","meta":{"om_disable_all_campaigns":false,"_jetpack_memberships_contains_paid_content":false,"footnotes":""},"categories":[5],"tags":[],"class_list":["post-14786","post","type-post","status-publish","format-standard","has-post-thumbnail","hentry","category-deportes"],"aioseo_notices":[],"gutentor_comment":0,"jetpack_featured_media_url":"https:\/\/eldiariodesanpedro.com.ar\/sitio\/wp-content\/uploads\/2017\/01\/futbol.jpg","jetpack_shortlink":"https:\/\/wp.me\/p6RhLt-3Qu","jetpack_sharing_enabled":true,"_links":{"self":[{"href":"https:\/\/eldiariodesanpedro.com.ar\/sitio\/wp-json\/wp\/v2\/posts\/14786","targetHints":{"allow":["GET"]}}],"collection":[{"href":"https:\/\/eldiariodesanpedro.com.ar\/sitio\/wp-json\/wp\/v2\/posts"}],"about":[{"href":"https:\/\/eldiariodesanpedro.com.ar\/sitio\/wp-json\/wp\/v2\/types\/post"}],"author":[{"embeddable":true,"href":"https:\/\/eldiariodesanpedro.com.ar\/sitio\/wp-json\/wp\/v2\/users\/4"}],"replies":[{"embeddable":true,"href":"https:\/\/eldiariodesanpedro.com.ar\/sitio\/wp-json\/wp\/v2\/comments?post=14786"}],"version-history":[{"count":1,"href":"https:\/\/eldiariodesanpedro.com.ar\/sitio\/wp-json\/wp\/v2\/posts\/14786\/revisions"}],"predecessor-version":[{"id":14788,"href":"https:\/\/eldiariodesanpedro.com.ar\/sitio\/wp-json\/wp\/v2\/posts\/14786\/revisions\/14788"}],"wp:featuredmedia":[{"embeddable":true,"href":"https:\/\/eldiariodesanpedro.com.ar\/sitio\/wp-json\/wp\/v2\/media\/12943"}],"wp:attachment":[{"href":"https:\/\/eldiariodesanpedro.com.ar\/sitio\/wp-json\/wp\/v2\/media?parent=14786"}],"wp:term":[{"taxonomy":"category","embeddable":true,"href":"https:\/\/eldiariodesanpedro.com.ar\/sitio\/wp-json\/wp\/v2\/categories?post=14786"},{"taxonomy":"post_tag","embeddable":true,"href":"https:\/\/eldiariodesanpedro.com.ar\/sitio\/wp-json\/wp\/v2\/tags?post=14786"}],"curies":[{"name":"wp","href":"https:\/\/api.w.org\/{rel}","templated":true}]}}