{"id":14784,"date":"2017-02-15T21:26:30","date_gmt":"2017-02-16T00:26:30","guid":{"rendered":"https:\/\/eldiariodesanpedro.com.ar\/sitio\/?p=14784"},"modified":"2017-02-15T21:26:30","modified_gmt":"2017-02-16T00:26:30","slug":"eeuu-amenaza-con-reducir-su-compromiso-en-otan","status":"publish","type":"post","link":"https:\/\/eldiariodesanpedro.com.ar\/sitio\/eeuu-amenaza-con-reducir-su-compromiso-en-otan\/","title":{"rendered":"EEUU amenaza con reducir su compromiso en OTAN"},"content":{"rendered":"<p><!-- VideographyWP Plugin Message: Automatic video embedding prevented by plugin options. --><br \/>\n(AFP-NA) &#8211; El jefe del Pent\u00e1gono, James Mattis, advirti\u00f3 que Estados Unidos puede \u00abmoderar su compromiso\u00bb con la OTAN, si el resto de pa\u00edses no aumenta su gasto militar, en el primer encuentro con sus aliados desde la llegada de Donald Trump a la Casa Blanca. <\/p>\n<p>   \u00abSi sus naciones no quieren ver a Estados Unidos moderar su compromiso con esta Alianza, cada una de las capitales necesita mostrar su apoyo a nuestra defensa com\u00fan\u00bb, dijo Mattis a sus hom\u00f3logos en su primera intervenci\u00f3n en la OTAN como secretario de Defensa.<\/p>\n<p>   El secretario de Defensa norteamericano acudi\u00f3 a Bruselas con dos mensajes claros para unos aliados preocupados por las declaraciones de Trump sobre la Alianza: La OTAN es un \u00abpilar fundamental\u00bb para Washington, pero la \u00abdefensa de la libertad\u00bb tiene \u00abun costo necesario\u00bb.<\/p>\n<p>   En un lenguaje m\u00e1s directo, Mattis dijo a sus hom\u00f3logos que \u00abel contribuyente de Estados Unidos ya no puede cargar con una desproporcionada participaci\u00f3n en la defensa de los valores occidentales\u00bb. \u00abLos estadounidenses no pueden preocuparse m\u00e1s de la seguridad futura de sus hijos que ustedes\u00bb, a\u00f1adi\u00f3.<\/p>\n<p>   El mensaje parece que cuaj\u00f3 en el seno de la Alianza Atl\u00e1ntica. <\/p>\n<p>Su secretario general, Jens Stoltenberg, asegur\u00f3 que el jefe del Pent\u00e1gono envi\u00f3 \u00abun mensaje muy firme al resto de los aliados\u00bb sobre la \u00abimportancia\u00bb de repartir las responsabilidades en la OTAN.<\/p>\n<p>   Y varios pa\u00edses, como Alemania, Reino Unido o Dinamarca, defendieron la posici\u00f3n de Mattis, como la ministra alemana Ursula von der Leyen, para quien \u00ablos estadounidenses tienen raz\u00f3n\u00bb y es \u00abde justicia\u00bb que los europeos aporten una contribuci\u00f3n tambi\u00e9n para que esta no recaiga \u00abexcesivamente\u00bb sobre Washington.<\/p>\n<p><strong>No solo el gasto <\/strong><\/p>\n<p>   El aumento del gasto militar es una tradicional exigencia de Estados Unidos, que, en 2014 en la cumbre de Gales, logr\u00f3 que sus aliados se comprometieran a aumentar su gasto militar hasta al menos un 2% del PIB nacional antes de 2024.<\/p>\n<p>   S\u00f3lo cinco de los 28 pa\u00edses de la OTAN alcanzan este objetivo -Estados Unidos, Reino Unido, Grecia, Estonia y Polonia-, pero otros, como Francia (1,78% en 2016), Italia (1,11%) o Espa\u00f1a (0,91%), exigen que se tenga en cuenta el impacto en sus cuentas p\u00fablicas de las misiones que llevan a cabo en el exterior.<\/p>\n<p>   Por primera vez, Stoltenberg abri\u00f3 a la puerta a tener en cuenta estas misiones para el compromiso del 2%, y no solo la partida de gasto en defensa prevista en los presupuestos nacionales. \u00abUn reparto justo de las responsabilidades no es solo el gasto\u00bb, asegur\u00f3.<br \/>\n   El jefe de la OTAN subray\u00f3 la participaci\u00f3n de Espa\u00f1a e Italia en misiones en Afganist\u00e1n o Kosovo, as\u00ed como \u00abalgunos [pa\u00edses] europeos\u00bb que \u00abcontribuyeron mucho tambi\u00e9n en operaciones de gran importancia para Estados Unidos\u00bb.<\/p>\n","protected":false},"excerpt":{"rendered":"<p>(AFP-NA) &#8211; El jefe del Pent\u00e1gono, James Mattis, advirti\u00f3 que Estados Unidos puede \u00abmoderar su compromiso\u00bb con la OTAN, si el resto de pa\u00edses no aumenta su gasto militar, en el primer encuentro con sus aliados desde la llegada de Donald Trump a la Casa Blanca. \u00abSi sus naciones no quieren ver a Estados Unidos [&hellip;]<\/p>\n","protected":false},"author":4,"featured_media":14785,"comment_status":"open","ping_status":"closed","sticky":false,"template":"","format":"standard","meta":{"om_disable_all_campaigns":false,"_jetpack_memberships_contains_paid_content":false,"footnotes":""},"categories":[2],"tags":[],"class_list":["post-14784","post","type-post","status-publish","format-standard","has-post-thumbnail","hentry","category-locales"],"aioseo_notices":[],"gutentor_comment":0,"jetpack_featured_media_url":"https:\/\/eldiariodesanpedro.com.ar\/sitio\/wp-content\/uploads\/2017\/02\/otan.jpg","jetpack_shortlink":"https:\/\/wp.me\/p6RhLt-3Qs","jetpack_sharing_enabled":true,"_links":{"self":[{"href":"https:\/\/eldiariodesanpedro.com.ar\/sitio\/wp-json\/wp\/v2\/posts\/14784","targetHints":{"allow":["GET"]}}],"collection":[{"href":"https:\/\/eldiariodesanpedro.com.ar\/sitio\/wp-json\/wp\/v2\/posts"}],"about":[{"href":"https:\/\/eldiariodesanpedro.com.ar\/sitio\/wp-json\/wp\/v2\/types\/post"}],"author":[{"embeddable":true,"href":"https:\/\/eldiariodesanpedro.com.ar\/sitio\/wp-json\/wp\/v2\/users\/4"}],"replies":[{"embeddable":true,"href":"https:\/\/eldiariodesanpedro.com.ar\/sitio\/wp-json\/wp\/v2\/comments?post=14784"}],"version-history":[{"count":1,"href":"https:\/\/eldiariodesanpedro.com.ar\/sitio\/wp-json\/wp\/v2\/posts\/14784\/revisions"}],"predecessor-version":[{"id":14787,"href":"https:\/\/eldiariodesanpedro.com.ar\/sitio\/wp-json\/wp\/v2\/posts\/14784\/revisions\/14787"}],"wp:featuredmedia":[{"embeddable":true,"href":"https:\/\/eldiariodesanpedro.com.ar\/sitio\/wp-json\/wp\/v2\/media\/14785"}],"wp:attachment":[{"href":"https:\/\/eldiariodesanpedro.com.ar\/sitio\/wp-json\/wp\/v2\/media?parent=14784"}],"wp:term":[{"taxonomy":"category","embeddable":true,"href":"https:\/\/eldiariodesanpedro.com.ar\/sitio\/wp-json\/wp\/v2\/categories?post=14784"},{"taxonomy":"post_tag","embeddable":true,"href":"https:\/\/eldiariodesanpedro.com.ar\/sitio\/wp-json\/wp\/v2\/tags?post=14784"}],"curies":[{"name":"wp","href":"https:\/\/api.w.org\/{rel}","templated":true}]}}