{"id":147719,"date":"2026-02-03T20:44:07","date_gmt":"2026-02-03T23:44:07","guid":{"rendered":"https:\/\/eldiariodesanpedro.com.ar\/sitio\/?p=147719"},"modified":"2026-02-03T20:44:11","modified_gmt":"2026-02-03T23:44:11","slug":"aprehendieron-a-un-joven-de-19-anos-por-amenazas-agravadas-y-violacion-de-domicilio","status":"publish","type":"post","link":"https:\/\/eldiariodesanpedro.com.ar\/sitio\/aprehendieron-a-un-joven-de-19-anos-por-amenazas-agravadas-y-violacion-de-domicilio\/","title":{"rendered":"Aprehendieron a un joven de 19 a\u00f1os por amenazas agravadas y violaci\u00f3n de domicilio"},"content":{"rendered":"<!-- VideographyWP Plugin Message: Automatic video embedding prevented by plugin options. -->\n\n<p>Un joven de 19 a\u00f1os fue detenido tras ingresar sin permiso a la casa de su ex pareja y amenazarla con un arma de fabricaci\u00f3n casera. La v\u00edctima recibi\u00f3 asistencia especializada.<\/p>\n\n\n\n<p>En la <strong>madrugada de este lunes<\/strong>, personal policial de la <strong>EPC<\/strong> intervino a partir de una <strong>alerta del servicio de emergencias 911<\/strong> y procedi\u00f3 a la <strong>aprehensi\u00f3n de un masculino de 19 a\u00f1os<\/strong>. El sujeto <strong>ingres\u00f3 sin autorizaci\u00f3n al domicilio de su ex pareja, de 18 a\u00f1os<\/strong>, donde <strong>la intimid\u00f3 utilizando un arma de fuego de fabricaci\u00f3n casera<\/strong>.<\/p>\n\n\n\n<p>Tras el procedimiento, el joven fue <strong>trasladado a la sede policial<\/strong> e <strong>imputado por los delitos de amenazas agravadas y violaci\u00f3n de domicilio<\/strong>, quedando <strong>a disposici\u00f3n de la Justicia<\/strong>. En tanto, la <strong>v\u00edctima fue derivada a la Comisar\u00eda de la Mujer y la Familia<\/strong>, donde <strong>recibi\u00f3 asistencia por parte de profesionales<\/strong>.<\/p>\n\n\n\n<p>#Policiales #ConflictoFamiliar #Aprehension #AmenazasAgravadas #ViolacionDeDomicilio #Seguridad<\/p>\n","protected":false},"excerpt":{"rendered":"<p>Un joven de 19 a\u00f1os fue detenido tras ingresar sin permiso a la casa de su ex pareja y amenazarla con un arma de fabricaci\u00f3n casera. La v\u00edctima recibi\u00f3 asistencia especializada. En la madrugada de este lunes, personal policial de la EPC intervino a partir de una alerta del servicio de emergencias 911 y procedi\u00f3 [&hellip;]<\/p>\n","protected":false},"author":4,"featured_media":147720,"comment_status":"closed","ping_status":"closed","sticky":false,"template":"","format":"standard","meta":{"om_disable_all_campaigns":false,"_jetpack_memberships_contains_paid_content":false,"footnotes":""},"categories":[2,103],"tags":[5141,3597,8632,6831,7745,8207,3694,8633,7547],"class_list":["post-147719","post","type-post","status-publish","format-standard","has-post-thumbnail","hentry","category-locales","category-policiales-locales","tag-amenazas-agravadas","tag-aprehension-2","tag-arma-de-fabricacion-casera","tag-comisaria-de-la-mujer-2","tag-conflicto-familiar","tag-epc","tag-intervencion-policial","tag-llamado-911","tag-violacion-de-domicilio-2"],"aioseo_notices":[],"gutentor_comment":0,"jetpack_featured_media_url":"https:\/\/eldiariodesanpedro.com.ar\/sitio\/wp-content\/uploads\/2026\/02\/medida.png","jetpack_shortlink":"https:\/\/wp.me\/p6RhLt-Cqz","jetpack_sharing_enabled":true,"_links":{"self":[{"href":"https:\/\/eldiariodesanpedro.com.ar\/sitio\/wp-json\/wp\/v2\/posts\/147719","targetHints":{"allow":["GET"]}}],"collection":[{"href":"https:\/\/eldiariodesanpedro.com.ar\/sitio\/wp-json\/wp\/v2\/posts"}],"about":[{"href":"https:\/\/eldiariodesanpedro.com.ar\/sitio\/wp-json\/wp\/v2\/types\/post"}],"author":[{"embeddable":true,"href":"https:\/\/eldiariodesanpedro.com.ar\/sitio\/wp-json\/wp\/v2\/users\/4"}],"replies":[{"embeddable":true,"href":"https:\/\/eldiariodesanpedro.com.ar\/sitio\/wp-json\/wp\/v2\/comments?post=147719"}],"version-history":[{"count":1,"href":"https:\/\/eldiariodesanpedro.com.ar\/sitio\/wp-json\/wp\/v2\/posts\/147719\/revisions"}],"predecessor-version":[{"id":147721,"href":"https:\/\/eldiariodesanpedro.com.ar\/sitio\/wp-json\/wp\/v2\/posts\/147719\/revisions\/147721"}],"wp:featuredmedia":[{"embeddable":true,"href":"https:\/\/eldiariodesanpedro.com.ar\/sitio\/wp-json\/wp\/v2\/media\/147720"}],"wp:attachment":[{"href":"https:\/\/eldiariodesanpedro.com.ar\/sitio\/wp-json\/wp\/v2\/media?parent=147719"}],"wp:term":[{"taxonomy":"category","embeddable":true,"href":"https:\/\/eldiariodesanpedro.com.ar\/sitio\/wp-json\/wp\/v2\/categories?post=147719"},{"taxonomy":"post_tag","embeddable":true,"href":"https:\/\/eldiariodesanpedro.com.ar\/sitio\/wp-json\/wp\/v2\/tags?post=147719"}],"curies":[{"name":"wp","href":"https:\/\/api.w.org\/{rel}","templated":true}]}}