{"id":147640,"date":"2026-01-30T16:19:01","date_gmt":"2026-01-30T19:19:01","guid":{"rendered":"https:\/\/eldiariodesanpedro.com.ar\/sitio\/?p=147640"},"modified":"2026-01-30T16:19:07","modified_gmt":"2026-01-30T19:19:07","slug":"accidente-de-transito-entre-una-moto-y-un-auto-en-la-interseccion-de-crucero-general-belgrano-y-ruta-1001","status":"publish","type":"post","link":"https:\/\/eldiariodesanpedro.com.ar\/sitio\/accidente-de-transito-entre-una-moto-y-un-auto-en-la-interseccion-de-crucero-general-belgrano-y-ruta-1001\/","title":{"rendered":"Accidente de tr\u00e1nsito entre una moto y un auto en la intersecci\u00f3n de Crucero General Belgrano y Ruta 1001"},"content":{"rendered":"<!-- VideographyWP Plugin Message: Automatic video embedding prevented by plugin options. -->\n\n<p>Una mujer que circulaba en moto fue asistida y trasladada al hospital tras un choque con un autom\u00f3vil ocurrido durante la tarde en la intersecci\u00f3n de Crucero General Belgrano y Ruta 1001.<\/p>\n\n\n\n<p>En la jornada de hoy, alrededor de las <strong>15:30 horas<\/strong>, se registr\u00f3 un <strong>accidente de tr\u00e1nsito<\/strong> en la intersecci\u00f3n de <strong>Crucero General Belgrano y Ruta 1001<\/strong>, donde <strong>colisionaron una motocicleta 110 cc y un autom\u00f3vil<\/strong>.<\/p>\n\n\n\n<p>Seg\u00fan se inform\u00f3, la motocicleta era <strong>conducida por una mujer de aproximadamente 40 a\u00f1os<\/strong>, mientras que el <strong>Chevrolet Agile color negro<\/strong> era manejado por un <strong>hombre mayor de edad<\/strong>. Por <strong>motivos que a\u00fan se tratan de establecer<\/strong>, ambos veh\u00edculos impactaron en ese cruce.<\/p>\n\n\n\n<p>Tras el siniestro, <strong>personal del SAME se hizo presente en el lugar<\/strong> y procedi\u00f3 al <strong>traslado de la mujer a la guardia del hospital local<\/strong>. Afortunadamente, <strong>no presentaba heridas de gravedad<\/strong> y fue derivada <strong>solo para control m\u00e9dico preventivo<\/strong>.<\/p>\n\n\n\n<p>Las circunstancias del choque <strong>son materia de investigaci\u00f3n<\/strong> para determinar c\u00f3mo se produjo el accidente.<\/p>\n\n\n\n<p>#AccidenteDeTr\u00e1nsito #Ruta1001 #CruceroGeneralBelgrano #Choque #SAME #SeguridadVial #Tr\u00e1nsito<\/p>\n\n\n\n<div class=\"wp-block-jetpack-slideshow aligncenter\" data-effect=\"slide\" style=\"--aspect-ratio:calc(640 \/ 360)\"><div class=\"wp-block-jetpack-slideshow_container swiper\"><ul class=\"wp-block-jetpack-slideshow_swiper-wrapper swiper-wrapper\"><li class=\"wp-block-jetpack-slideshow_slide swiper-slide\"><figure><img decoding=\"async\" width=\"1024\" height=\"576\" alt=\"\" class=\"wp-block-jetpack-slideshow_image wp-image-147647 lazyload\" data-id=\"147647\" data-aspect-ratio=\"640 \/ 360\" data-src=\"https:\/\/eldiariodesanpedro.com.ar\/sitio\/wp-content\/uploads\/2026\/01\/WhatsApp-Image-2026-01-30-at-15.57.092-1024x576.jpeg\" data-srcset=\"https:\/\/eldiariodesanpedro.com.ar\/sitio\/wp-content\/uploads\/2026\/01\/WhatsApp-Image-2026-01-30-at-15.57.092-1024x576.jpeg 1024w, https:\/\/eldiariodesanpedro.com.ar\/sitio\/wp-content\/uploads\/2026\/01\/WhatsApp-Image-2026-01-30-at-15.57.092-300x169.jpeg 300w, https:\/\/eldiariodesanpedro.com.ar\/sitio\/wp-content\/uploads\/2026\/01\/WhatsApp-Image-2026-01-30-at-15.57.092-768x432.jpeg 768w, https:\/\/eldiariodesanpedro.com.ar\/sitio\/wp-content\/uploads\/2026\/01\/WhatsApp-Image-2026-01-30-at-15.57.092.jpeg 1120w\" data-sizes=\"(max-width: 1024px) 100vw, 1024px\" src=\"data:image\/svg+xml;base64,PHN2ZyB3aWR0aD0iMSIgaGVpZ2h0PSIxIiB4bWxucz0iaHR0cDovL3d3dy53My5vcmcvMjAwMC9zdmciPjwvc3ZnPg==\" style=\"--smush-placeholder-width: 1024px; --smush-placeholder-aspect-ratio: 1024\/576;\" \/><\/figure><\/li><li class=\"wp-block-jetpack-slideshow_slide swiper-slide\"><figure><img decoding=\"async\" width=\"1024\" height=\"576\" alt=\"\" class=\"wp-block-jetpack-slideshow_image wp-image-147646 lazyload\" data-id=\"147646\" data-aspect-ratio=\"640 \/ 360\" data-src=\"https:\/\/eldiariodesanpedro.com.ar\/sitio\/wp-content\/uploads\/2026\/01\/WhatsApp-Image-2026-01-30-at-15.57.091-1024x576.jpeg\" data-srcset=\"https:\/\/eldiariodesanpedro.com.ar\/sitio\/wp-content\/uploads\/2026\/01\/WhatsApp-Image-2026-01-30-at-15.57.091-1024x576.jpeg 1024w, https:\/\/eldiariodesanpedro.com.ar\/sitio\/wp-content\/uploads\/2026\/01\/WhatsApp-Image-2026-01-30-at-15.57.091-300x169.jpeg 300w, https:\/\/eldiariodesanpedro.com.ar\/sitio\/wp-content\/uploads\/2026\/01\/WhatsApp-Image-2026-01-30-at-15.57.091-768x432.jpeg 768w, https:\/\/eldiariodesanpedro.com.ar\/sitio\/wp-content\/uploads\/2026\/01\/WhatsApp-Image-2026-01-30-at-15.57.091.jpeg 1120w\" data-sizes=\"(max-width: 1024px) 100vw, 1024px\" src=\"data:image\/svg+xml;base64,PHN2ZyB3aWR0aD0iMSIgaGVpZ2h0PSIxIiB4bWxucz0iaHR0cDovL3d3dy53My5vcmcvMjAwMC9zdmciPjwvc3ZnPg==\" style=\"--smush-placeholder-width: 1024px; --smush-placeholder-aspect-ratio: 1024\/576;\" \/><\/figure><\/li><li class=\"wp-block-jetpack-slideshow_slide swiper-slide\"><figure><img decoding=\"async\" width=\"1024\" height=\"576\" alt=\"\" class=\"wp-block-jetpack-slideshow_image wp-image-147644 lazyload\" data-id=\"147644\" data-aspect-ratio=\"640 \/ 360\" data-src=\"https:\/\/eldiariodesanpedro.com.ar\/sitio\/wp-content\/uploads\/2026\/01\/WhatsApp-Image-2026-01-30-at-15.57.10-1024x576.jpeg\" data-srcset=\"https:\/\/eldiariodesanpedro.com.ar\/sitio\/wp-content\/uploads\/2026\/01\/WhatsApp-Image-2026-01-30-at-15.57.10-1024x576.jpeg 1024w, https:\/\/eldiariodesanpedro.com.ar\/sitio\/wp-content\/uploads\/2026\/01\/WhatsApp-Image-2026-01-30-at-15.57.10-300x169.jpeg 300w, https:\/\/eldiariodesanpedro.com.ar\/sitio\/wp-content\/uploads\/2026\/01\/WhatsApp-Image-2026-01-30-at-15.57.10-768x432.jpeg 768w, https:\/\/eldiariodesanpedro.com.ar\/sitio\/wp-content\/uploads\/2026\/01\/WhatsApp-Image-2026-01-30-at-15.57.10.jpeg 1120w\" data-sizes=\"(max-width: 1024px) 100vw, 1024px\" src=\"data:image\/svg+xml;base64,PHN2ZyB3aWR0aD0iMSIgaGVpZ2h0PSIxIiB4bWxucz0iaHR0cDovL3d3dy53My5vcmcvMjAwMC9zdmciPjwvc3ZnPg==\" style=\"--smush-placeholder-width: 1024px; --smush-placeholder-aspect-ratio: 1024\/576;\" \/><\/figure><\/li><li class=\"wp-block-jetpack-slideshow_slide swiper-slide\"><figure><img decoding=\"async\" width=\"1024\" height=\"576\" alt=\"\" class=\"wp-block-jetpack-slideshow_image wp-image-147641 lazyload\" data-id=\"147641\" data-aspect-ratio=\"640 \/ 360\" data-src=\"https:\/\/eldiariodesanpedro.com.ar\/sitio\/wp-content\/uploads\/2026\/01\/WhatsApp-Image-2026-01-30-at-15.57.08-1024x576.jpeg\" data-srcset=\"https:\/\/eldiariodesanpedro.com.ar\/sitio\/wp-content\/uploads\/2026\/01\/WhatsApp-Image-2026-01-30-at-15.57.08-1024x576.jpeg 1024w, https:\/\/eldiariodesanpedro.com.ar\/sitio\/wp-content\/uploads\/2026\/01\/WhatsApp-Image-2026-01-30-at-15.57.08-300x169.jpeg 300w, https:\/\/eldiariodesanpedro.com.ar\/sitio\/wp-content\/uploads\/2026\/01\/WhatsApp-Image-2026-01-30-at-15.57.08-768x432.jpeg 768w, https:\/\/eldiariodesanpedro.com.ar\/sitio\/wp-content\/uploads\/2026\/01\/WhatsApp-Image-2026-01-30-at-15.57.08.jpeg 1120w\" data-sizes=\"(max-width: 1024px) 100vw, 1024px\" src=\"data:image\/svg+xml;base64,PHN2ZyB3aWR0aD0iMSIgaGVpZ2h0PSIxIiB4bWxucz0iaHR0cDovL3d3dy53My5vcmcvMjAwMC9zdmciPjwvc3ZnPg==\" style=\"--smush-placeholder-width: 1024px; --smush-placeholder-aspect-ratio: 1024\/576;\" \/><\/figure><\/li><\/ul><a class=\"wp-block-jetpack-slideshow_button-prev swiper-button-prev swiper-button-white\" role=\"button\"><\/a><a class=\"wp-block-jetpack-slideshow_button-next swiper-button-next swiper-button-white\" role=\"button\"><\/a><a aria-label=\"Pause Slideshow\" class=\"wp-block-jetpack-slideshow_button-pause\" role=\"button\"><\/a><div class=\"wp-block-jetpack-slideshow_pagination swiper-pagination swiper-pagination-white\"><\/div><\/div><\/div>\n\n\n\n<p><br><\/p>\n","protected":false},"excerpt":{"rendered":"<p>Una mujer que circulaba en moto fue asistida y trasladada al hospital tras un choque con un autom\u00f3vil ocurrido durante la tarde en la intersecci\u00f3n de Crucero General Belgrano y Ruta 1001. En la jornada de hoy, alrededor de las 15:30 horas, se registr\u00f3 un accidente de tr\u00e1nsito en la intersecci\u00f3n de Crucero General Belgrano [&hellip;]<\/p>\n","protected":false},"author":4,"featured_media":147641,"comment_status":"closed","ping_status":"closed","sticky":false,"template":"","format":"standard","meta":{"om_disable_all_campaigns":false,"_jetpack_memberships_contains_paid_content":false,"footnotes":""},"categories":[50,2,103],"tags":[3612,7786,638,8242,219,1826,2761],"class_list":["post-147640","post","type-post","status-publish","format-standard","has-post-thumbnail","hentry","category-destacadas","category-locales","category-policiales-locales","tag-accidente-de-transito-2","tag-choque-moto-auto","tag-crucero-general-belgrano","tag-hospital-local","tag-ruta-1001","tag-same","tag-seguridad-vial"],"aioseo_notices":[],"gutentor_comment":0,"jetpack_featured_media_url":"https:\/\/eldiariodesanpedro.com.ar\/sitio\/wp-content\/uploads\/2026\/01\/WhatsApp-Image-2026-01-30-at-15.57.08.jpeg","jetpack_shortlink":"https:\/\/wp.me\/p6RhLt-Cpi","jetpack_sharing_enabled":true,"_links":{"self":[{"href":"https:\/\/eldiariodesanpedro.com.ar\/sitio\/wp-json\/wp\/v2\/posts\/147640","targetHints":{"allow":["GET"]}}],"collection":[{"href":"https:\/\/eldiariodesanpedro.com.ar\/sitio\/wp-json\/wp\/v2\/posts"}],"about":[{"href":"https:\/\/eldiariodesanpedro.com.ar\/sitio\/wp-json\/wp\/v2\/types\/post"}],"author":[{"embeddable":true,"href":"https:\/\/eldiariodesanpedro.com.ar\/sitio\/wp-json\/wp\/v2\/users\/4"}],"replies":[{"embeddable":true,"href":"https:\/\/eldiariodesanpedro.com.ar\/sitio\/wp-json\/wp\/v2\/comments?post=147640"}],"version-history":[{"count":1,"href":"https:\/\/eldiariodesanpedro.com.ar\/sitio\/wp-json\/wp\/v2\/posts\/147640\/revisions"}],"predecessor-version":[{"id":147650,"href":"https:\/\/eldiariodesanpedro.com.ar\/sitio\/wp-json\/wp\/v2\/posts\/147640\/revisions\/147650"}],"wp:featuredmedia":[{"embeddable":true,"href":"https:\/\/eldiariodesanpedro.com.ar\/sitio\/wp-json\/wp\/v2\/media\/147641"}],"wp:attachment":[{"href":"https:\/\/eldiariodesanpedro.com.ar\/sitio\/wp-json\/wp\/v2\/media?parent=147640"}],"wp:term":[{"taxonomy":"category","embeddable":true,"href":"https:\/\/eldiariodesanpedro.com.ar\/sitio\/wp-json\/wp\/v2\/categories?post=147640"},{"taxonomy":"post_tag","embeddable":true,"href":"https:\/\/eldiariodesanpedro.com.ar\/sitio\/wp-json\/wp\/v2\/tags?post=147640"}],"curies":[{"name":"wp","href":"https:\/\/api.w.org\/{rel}","templated":true}]}}