{"id":14760,"date":"2017-02-15T21:01:03","date_gmt":"2017-02-16T00:01:03","guid":{"rendered":"https:\/\/eldiariodesanpedro.com.ar\/sitio\/?p=14760"},"modified":"2026-01-23T23:20:21","modified_gmt":"2026-01-24T02:20:21","slug":"riesgo-de-colapso-tras-la-crecida-en-la-laguna-la-picasa","status":"publish","type":"post","link":"https:\/\/eldiariodesanpedro.com.ar\/sitio\/riesgo-de-colapso-tras-la-crecida-en-la-laguna-la-picasa\/","title":{"rendered":"Riesgo de colapso tras la crecida en la laguna La Picasa"},"content":{"rendered":"<p><!-- VideographyWP Plugin Message: Automatic video embedding prevented by plugin options. --><br \/>\n (NA) &#8211; El intendente de la localidad Diego de Alvear, en la provincia de Santa Fe, cercana a la Laguna La Picasa, Daniel Sagardia, dijo que este enorme espejo de agua se encuentra en \u00abriesgo de colapso\u00bb, tras \u00absu crecida\u00bb. <\/p>\n<p>   Mientras que por su parte, Luis Figliozzi, especialista de Vialidad Nacional, ratific\u00f3 que contin\u00faa el \u00abtr\u00e1nsito asistido\u00bb en la ruta N7 y que se realizaron trabajos para apuntalar ambos costados del transitado camino.<\/p>\n<p>   Vialidad realiz\u00f3 estas tareas en la ruta 7, entre Rufino y Diego de Alvear, para permitir el paso de los veh\u00edculos.<\/p>\n<p>   En ese sentido, el gerente de la Regi\u00f3n Centro de Vialidad, Luis Figliozzi, indic\u00f3 a Cadena 3 que habilitaron el tr\u00e1nsito en esa arteria con la modalidad de \u00abtr\u00e1nsito asistido\u00bb.<\/p>\n<p>  \u00abEst\u00e1n previstas tres ventanas, entre 9 y 10 de la ma\u00f1ana, en ambos sentidos de circulaci\u00f3n en forma alternada, de 13:00 a 14:00 y de 17:00 a 18:00\u00bb, se\u00f1al\u00f3.<\/p>\n<p>   Tambi\u00e9n precis\u00f3 que \u00abla gente que llega a las intersecciones de la 7 con la 33 o con la 14 viniendo alternativamente de Mendoza o de Buenos Aires puede optar por circular por el desv\u00edo o esperar en los horarios ventana para cruzar por la 7\u00bb.<\/p>\n<p>   El ingeniero manifest\u00f3 que el n\u00facleo de la ruta 7 \u00abest\u00e1 bien y controlado\u00bb por ahora y reconoci\u00f3 que hubo problemas por la elevaci\u00f3n del pelo de agua, \u00ablo que gener\u00f3 la p\u00e9rdida de parte de la protecci\u00f3n del terrapl\u00e9n, y por el oleaje, que provoc\u00f3 la p\u00e9rdida de apoyo de barandas\u00bb, por lo que trabajaron en esto.<\/p>\n<p>   \u00abNo se puede descargar por la situaci\u00f3n cr\u00edtica de la provincia de Buenos Aires, y la consecuencia directa es la subida del nivel de agua en la laguna\u00bb, consign\u00f3.<\/p>\n<p>   Diego de Alvear es una localidad del departamento General L\u00f3pez, provincia de Santa Fe, Argentina, dista 420 km de la Ciudad de Santa Fe y est\u00e1 ubicada a 3 km de la Ruta Nacional 7, que la vincula con ciudades como: Jun\u00edn, Vedia (Buenos Aires) y Rufino (Santa Fe), en el l\u00edmite con la provincia de Buenos Aires.<\/p>\n<p>   En tanto la laguna La Picasa toca el extremo medio inferior occidental de la provincia de Santa Fe (Departamento General L\u00f3pez) y el extremo noroccidental de la provincia de Buenos Aires (Partido de General Pinto). <\/p>\n<p>   \u00abLo ideal ser\u00eda encauzar el agua de la Picasa por un canal\u00bb, dijo Sagardia a Cadena 3, al asegurar que la \u00absituaci\u00f3n en la provincia es muy complicada\u00bb y advertir que \u00absi el agua sigue ingresando La Picasa reventar\u00e1 y comenzar\u00e1 a provocar da\u00f1os\u00bb.<\/p>\n<p>   Agreg\u00f3: \u00abEstamos muy preocupados porque La Picasa sigue creciendo. Lo ideal ser\u00eda encauzar el agua por un canal y no esperar que la laguna lo haga por sus propios medios. Buenos Aires no quiere recibir el agua y nosotros estamos desesperados, ya no tenemos tambos\u00bb.<\/p>\n<p>   En este sentido, Guillermo Rey, productor rural de Diego de Alvear, explic\u00f3 que su tambo, de cinco mil litros diarios, est\u00e1 afectado por la gran presi\u00f3n de la laguna y la ausencia de caminos por falta de infraestructura. <\/p>\n<p>   \u00abEsto afecta a los campos y a la producci\u00f3n. Para sacar la leche es necesario utilizar tractores. En tanto, los empleados utilizan caballos y tractores para ingresar a trabajar\u00bb, a\u00f1adi\u00f3.<\/p>\n","protected":false},"excerpt":{"rendered":"<p>(NA) &#8211; El intendente de la localidad Diego de Alvear, en la provincia de Santa Fe, cercana a la Laguna La Picasa, Daniel Sagardia, dijo que este enorme espejo de agua se encuentra en \u00abriesgo de colapso\u00bb, tras \u00absu crecida\u00bb. Mientras que por su parte, Luis Figliozzi, especialista de Vialidad Nacional, ratific\u00f3 que contin\u00faa el [&hellip;]<\/p>\n","protected":false},"author":4,"featured_media":14761,"comment_status":"open","ping_status":"closed","sticky":false,"template":"","format":"standard","meta":{"om_disable_all_campaigns":false,"_jetpack_memberships_contains_paid_content":false,"footnotes":""},"categories":[3],"tags":[],"class_list":["post-14760","post","type-post","status-publish","format-standard","has-post-thumbnail","hentry","category-nacionales"],"aioseo_notices":[],"gutentor_comment":0,"jetpack_featured_media_url":"https:\/\/eldiariodesanpedro.com.ar\/sitio\/wp-content\/uploads\/2017\/02\/colapso.jpg","jetpack_shortlink":"https:\/\/wp.me\/p6RhLt-3Q4","jetpack_sharing_enabled":true,"_links":{"self":[{"href":"https:\/\/eldiariodesanpedro.com.ar\/sitio\/wp-json\/wp\/v2\/posts\/14760","targetHints":{"allow":["GET"]}}],"collection":[{"href":"https:\/\/eldiariodesanpedro.com.ar\/sitio\/wp-json\/wp\/v2\/posts"}],"about":[{"href":"https:\/\/eldiariodesanpedro.com.ar\/sitio\/wp-json\/wp\/v2\/types\/post"}],"author":[{"embeddable":true,"href":"https:\/\/eldiariodesanpedro.com.ar\/sitio\/wp-json\/wp\/v2\/users\/4"}],"replies":[{"embeddable":true,"href":"https:\/\/eldiariodesanpedro.com.ar\/sitio\/wp-json\/wp\/v2\/comments?post=14760"}],"version-history":[{"count":1,"href":"https:\/\/eldiariodesanpedro.com.ar\/sitio\/wp-json\/wp\/v2\/posts\/14760\/revisions"}],"predecessor-version":[{"id":14762,"href":"https:\/\/eldiariodesanpedro.com.ar\/sitio\/wp-json\/wp\/v2\/posts\/14760\/revisions\/14762"}],"wp:featuredmedia":[{"embeddable":true,"href":"https:\/\/eldiariodesanpedro.com.ar\/sitio\/wp-json\/wp\/v2\/media\/14761"}],"wp:attachment":[{"href":"https:\/\/eldiariodesanpedro.com.ar\/sitio\/wp-json\/wp\/v2\/media?parent=14760"}],"wp:term":[{"taxonomy":"category","embeddable":true,"href":"https:\/\/eldiariodesanpedro.com.ar\/sitio\/wp-json\/wp\/v2\/categories?post=14760"},{"taxonomy":"post_tag","embeddable":true,"href":"https:\/\/eldiariodesanpedro.com.ar\/sitio\/wp-json\/wp\/v2\/tags?post=14760"}],"curies":[{"name":"wp","href":"https:\/\/api.w.org\/{rel}","templated":true}]}}