{"id":14757,"date":"2017-02-15T20:59:10","date_gmt":"2017-02-15T23:59:10","guid":{"rendered":"https:\/\/eldiariodesanpedro.com.ar\/sitio\/?p=14757"},"modified":"2017-02-15T20:59:10","modified_gmt":"2017-02-15T23:59:10","slug":"san-nicolas-se-entrego-el-asesino-de-nicolas-gauna","status":"publish","type":"post","link":"https:\/\/eldiariodesanpedro.com.ar\/sitio\/san-nicolas-se-entrego-el-asesino-de-nicolas-gauna\/","title":{"rendered":"SAN NICOL\u00c1S: Se entreg\u00f3 el asesino de Nicol\u00e1s Gauna"},"content":{"rendered":"<p><!-- VideographyWP Plugin Message: Automatic video embedding prevented by plugin options. --><br \/>\nHoy en la sede de la DDI, se entreg\u00f3 un sujeto de apellido Gonz\u00e1lez aduciendo ser el autor del homicidio de Nicol\u00e1s Gauna y haber herido gravemente a su hermano Jonathan. El joven de 22 a\u00f1os se present\u00f3 con un abogado y se acogi\u00f3 a su derecho de guardar silencio. Permanece detenido en la sede policial.<\/p>\n<p>Un nuevo e inesperado giro tom\u00f3 la causa del homicidio de Nicol\u00e1s Gauna cuando ayer cerca del mediod\u00eda, en la sede local de la DDI se present\u00f3, con un abogado, un joven de 22 a\u00f1os de apellido Gonz\u00e1lez alegando ser el autor del homicidio de Nicol\u00e1s y de haber herido gravemente a su hermano Jonathan quien aun se encuentra internado con estado reservado en el Hospital San Felipe.<\/p>\n<p>Inmediatamente se hizo presente el fiscal que entiende en la causa el Dr. Dar\u00edo Giagnorio para tomarle declaraci\u00f3n, pero el ahora detenido se acogi\u00f3 a su derecho constitucional de guardar silencio. Por lo que se pudo saber el mismo habr\u00eda dicho que ten\u00eda problemas de larga data con los Gauna.<\/p>\n<p>Gonz\u00e1lez qued\u00f3 alojado en los calabozos de la DDI. (Diario El Norte)<\/p>\n","protected":false},"excerpt":{"rendered":"<p>Hoy en la sede de la DDI, se entreg\u00f3 un sujeto de apellido Gonz\u00e1lez aduciendo ser el autor del homicidio de Nicol\u00e1s Gauna y haber herido gravemente a su hermano Jonathan. El joven de 22 a\u00f1os se present\u00f3 con un abogado y se acogi\u00f3 a su derecho de guardar silencio. Permanece detenido en la sede [&hellip;]<\/p>\n","protected":false},"author":4,"featured_media":14758,"comment_status":"open","ping_status":"closed","sticky":false,"template":"","format":"standard","meta":{"om_disable_all_campaigns":false,"_jetpack_memberships_contains_paid_content":false,"footnotes":""},"categories":[621],"tags":[],"class_list":["post-14757","post","type-post","status-publish","format-standard","has-post-thumbnail","hentry","category-regionales"],"aioseo_notices":[],"gutentor_comment":0,"jetpack_featured_media_url":"https:\/\/eldiariodesanpedro.com.ar\/sitio\/wp-content\/uploads\/2017\/02\/camioneta-policia.jpg","jetpack_shortlink":"https:\/\/wp.me\/p6RhLt-3Q1","jetpack_sharing_enabled":true,"_links":{"self":[{"href":"https:\/\/eldiariodesanpedro.com.ar\/sitio\/wp-json\/wp\/v2\/posts\/14757","targetHints":{"allow":["GET"]}}],"collection":[{"href":"https:\/\/eldiariodesanpedro.com.ar\/sitio\/wp-json\/wp\/v2\/posts"}],"about":[{"href":"https:\/\/eldiariodesanpedro.com.ar\/sitio\/wp-json\/wp\/v2\/types\/post"}],"author":[{"embeddable":true,"href":"https:\/\/eldiariodesanpedro.com.ar\/sitio\/wp-json\/wp\/v2\/users\/4"}],"replies":[{"embeddable":true,"href":"https:\/\/eldiariodesanpedro.com.ar\/sitio\/wp-json\/wp\/v2\/comments?post=14757"}],"version-history":[{"count":1,"href":"https:\/\/eldiariodesanpedro.com.ar\/sitio\/wp-json\/wp\/v2\/posts\/14757\/revisions"}],"predecessor-version":[{"id":14759,"href":"https:\/\/eldiariodesanpedro.com.ar\/sitio\/wp-json\/wp\/v2\/posts\/14757\/revisions\/14759"}],"wp:featuredmedia":[{"embeddable":true,"href":"https:\/\/eldiariodesanpedro.com.ar\/sitio\/wp-json\/wp\/v2\/media\/14758"}],"wp:attachment":[{"href":"https:\/\/eldiariodesanpedro.com.ar\/sitio\/wp-json\/wp\/v2\/media?parent=14757"}],"wp:term":[{"taxonomy":"category","embeddable":true,"href":"https:\/\/eldiariodesanpedro.com.ar\/sitio\/wp-json\/wp\/v2\/categories?post=14757"},{"taxonomy":"post_tag","embeddable":true,"href":"https:\/\/eldiariodesanpedro.com.ar\/sitio\/wp-json\/wp\/v2\/tags?post=14757"}],"curies":[{"name":"wp","href":"https:\/\/api.w.org\/{rel}","templated":true}]}}