{"id":147562,"date":"2026-01-28T11:06:58","date_gmt":"2026-01-28T14:06:58","guid":{"rendered":"https:\/\/eldiariodesanpedro.com.ar\/sitio\/?p=147562"},"modified":"2026-01-28T11:07:02","modified_gmt":"2026-01-28T14:07:02","slug":"kicillof-llega-hoy-a-san-pedro-en-el-marco-de-una-agenda-de-trabajo-en-la-segunda-seccion","status":"publish","type":"post","link":"https:\/\/eldiariodesanpedro.com.ar\/sitio\/kicillof-llega-hoy-a-san-pedro-en-el-marco-de-una-agenda-de-trabajo-en-la-segunda-seccion\/","title":{"rendered":"Kicillof llega hoy a San Pedro en el marco de una agenda de trabajo en la Segunda Secci\u00f3n"},"content":{"rendered":"<!-- VideographyWP Plugin Message: Automatic video embedding prevented by plugin options. -->\n\n<p>El gobernador bonaerense encabez\u00f3 obras, entreg\u00f3 una ambulancia de alta complejidad y cerrar\u00e1 la jornada con una conferencia junto a sectores productivos.<\/p>\n\n\n\n<p>El gobernador de la provincia de Buenos Aires, <strong>Axel Kicillof<\/strong>, <strong>lleg\u00f3 este martes a San Pedro<\/strong> como parte de <strong>una intensa agenda de trabajo en la Segunda Secci\u00f3n electoral<\/strong>, que incluye inauguraciones de infraestructura, recorridas por obras viales, actividades sanitarias y encuentros con representantes del sector productivo.<\/p>\n\n\n\n<p>La jornada oficial comenz\u00f3 en el distrito de <strong>Salto<\/strong>, donde el mandatario provincial, acompa\u00f1ado por el intendente interino Camilo Alessandro, <strong>inaugur\u00f3 la nueva Planta de Residuos S\u00f3lidos Urbanos<\/strong>, una obra clave para fortalecer la gesti\u00f3n ambiental. Posteriormente, la comitiva recorri\u00f3 <strong>las obras de recomposici\u00f3n de la ruta provincial N\u00ba 31<\/strong>, en el tramo que une Salto con Rojas, una intervenci\u00f3n estrat\u00e9gica destinada a <strong>mejorar la conectividad y la seguridad vial<\/strong> en una zona central para el transporte de la producci\u00f3n regional.<\/p>\n\n\n\n<p>Cerca de las <strong>16 horas<\/strong>, Kicillof arrib\u00f3 a <strong>San Pedro<\/strong>, donde mantuvo <strong>un encuentro con referentes locales del comercio, el turismo y la industria<\/strong>, en el marco de una modalidad de di\u00e1logo directo que ya tuvo ediciones anteriores en otros distritos bonaerenses. En este contexto, <strong>entreg\u00f3 una ambulancia de alta complejidad<\/strong>, destinada a <strong>reforzar el sistema de emergencias sanitarias<\/strong> de la ciudad.<\/p>\n\n\n\n<p>El cierre de la jornada est\u00e1 previsto en el <strong>Hotel Azahar<\/strong>, donde el gobernador encabezar\u00e1 <strong>la tercera conferencia de verano del a\u00f1o<\/strong> junto al ministro de Producci\u00f3n, Ciencia e Innovaci\u00f3n Tecnol\u00f3gica, Augusto Costa; el presidente del Banco Provincia, Juan Cuattromo; y el intendente local, Cecilio Salazar. Durante el encuentro se espera <strong>el anuncio de medidas de impulso econ\u00f3mico<\/strong> y un an\u00e1lisis del impacto de las pol\u00edticas nacionales sobre el entramado <strong>pyme y tur\u00edstico<\/strong> de la provincia.<\/p>\n\n\n\n<p>En sus recientes declaraciones, Kicillof sostuvo <strong>una postura cr\u00edtica frente al rumbo econ\u00f3mico del Gobierno nacional<\/strong>, al advertir sobre el <strong>deterioro del aparato productivo<\/strong>. Desde el entorno oficial se\u00f1alaron adem\u00e1s que la recorrida se da <strong>en un contexto de definiciones pol\u00edticas<\/strong>, mientras el peronismo bonaerense avanza en negociaciones para conformar <strong>una lista de unidad<\/strong> de cara a las elecciones partidarias previstas para el <strong>15 de marzo<\/strong>.<\/p>\n\n\n\n<p>#SanPedro #AxelKicillof #SegundaSeccion #ProvinciaDeBuenosAires #ObrasPublicas #Produccion #Turismo #Salud<\/p>\n","protected":false},"excerpt":{"rendered":"<p>El gobernador bonaerense encabez\u00f3 obras, entreg\u00f3 una ambulancia de alta complejidad y cerrar\u00e1 la jornada con una conferencia junto a sectores productivos. El gobernador de la provincia de Buenos Aires, Axel Kicillof, lleg\u00f3 este martes a San Pedro como parte de una intensa agenda de trabajo en la Segunda Secci\u00f3n electoral, que incluye inauguraciones de [&hellip;]<\/p>\n","protected":false},"author":4,"featured_media":147563,"comment_status":"closed","ping_status":"closed","sticky":false,"template":"","format":"standard","meta":{"om_disable_all_campaigns":false,"_jetpack_memberships_contains_paid_content":false,"footnotes":""},"categories":[50,2,102],"tags":[8551,8142,8553,8550,8554,8552],"class_list":["post-147562","post","type-post","status-publish","format-standard","has-post-thumbnail","hentry","category-destacadas","category-locales","category-politica-locales","tag-agenda-segunda-seccion","tag-ambulancia-de-alta-complejidad","tag-conferencia-de-verano","tag-kicillof-en-san-pedro","tag-pymes-bonaerenses","tag-ruta-provincial-31"],"aioseo_notices":[],"gutentor_comment":0,"jetpack_featured_media_url":"https:\/\/eldiariodesanpedro.com.ar\/sitio\/wp-content\/uploads\/2026\/01\/medida-3-1.jpg","jetpack_shortlink":"https:\/\/wp.me\/p6RhLt-Co2","jetpack_sharing_enabled":true,"_links":{"self":[{"href":"https:\/\/eldiariodesanpedro.com.ar\/sitio\/wp-json\/wp\/v2\/posts\/147562","targetHints":{"allow":["GET"]}}],"collection":[{"href":"https:\/\/eldiariodesanpedro.com.ar\/sitio\/wp-json\/wp\/v2\/posts"}],"about":[{"href":"https:\/\/eldiariodesanpedro.com.ar\/sitio\/wp-json\/wp\/v2\/types\/post"}],"author":[{"embeddable":true,"href":"https:\/\/eldiariodesanpedro.com.ar\/sitio\/wp-json\/wp\/v2\/users\/4"}],"replies":[{"embeddable":true,"href":"https:\/\/eldiariodesanpedro.com.ar\/sitio\/wp-json\/wp\/v2\/comments?post=147562"}],"version-history":[{"count":1,"href":"https:\/\/eldiariodesanpedro.com.ar\/sitio\/wp-json\/wp\/v2\/posts\/147562\/revisions"}],"predecessor-version":[{"id":147564,"href":"https:\/\/eldiariodesanpedro.com.ar\/sitio\/wp-json\/wp\/v2\/posts\/147562\/revisions\/147564"}],"wp:featuredmedia":[{"embeddable":true,"href":"https:\/\/eldiariodesanpedro.com.ar\/sitio\/wp-json\/wp\/v2\/media\/147563"}],"wp:attachment":[{"href":"https:\/\/eldiariodesanpedro.com.ar\/sitio\/wp-json\/wp\/v2\/media?parent=147562"}],"wp:term":[{"taxonomy":"category","embeddable":true,"href":"https:\/\/eldiariodesanpedro.com.ar\/sitio\/wp-json\/wp\/v2\/categories?post=147562"},{"taxonomy":"post_tag","embeddable":true,"href":"https:\/\/eldiariodesanpedro.com.ar\/sitio\/wp-json\/wp\/v2\/tags?post=147562"}],"curies":[{"name":"wp","href":"https:\/\/api.w.org\/{rel}","templated":true}]}}