{"id":147559,"date":"2026-01-28T10:46:22","date_gmt":"2026-01-28T13:46:22","guid":{"rendered":"https:\/\/eldiariodesanpedro.com.ar\/sitio\/?p=147559"},"modified":"2026-01-28T10:46:28","modified_gmt":"2026-01-28T13:46:28","slug":"aprehendieron-a-un-hombre-de-32-anos-por-el-hurto-de-una-bicicleta-en-la-via-publica","status":"publish","type":"post","link":"https:\/\/eldiariodesanpedro.com.ar\/sitio\/aprehendieron-a-un-hombre-de-32-anos-por-el-hurto-de-una-bicicleta-en-la-via-publica\/","title":{"rendered":"Aprehendieron a un hombre de 32 a\u00f1os por el hurto de una bicicleta en la v\u00eda p\u00fablica"},"content":{"rendered":"<!-- VideographyWP Plugin Message: Automatic video embedding prevented by plugin options. -->\n\n<p>El hecho ocurri\u00f3 tras un r\u00e1pido operativo cerrojo que permiti\u00f3 recuperar el rodado sustra\u00eddo y poner al sospechoso a disposici\u00f3n de la Justicia.<\/p>\n\n\n\n<p>En la tarde de ayer, <strong>personal policial logr\u00f3 la aprehensi\u00f3n de un masculino de 32 a\u00f1os<\/strong> luego de que <strong>sustrajera una bicicleta tipo mountain bike, rodado 29<\/strong>, propiedad de <strong>un menor de 15 a\u00f1os<\/strong>.<\/p>\n\n\n\n<p>El procedimiento se concret\u00f3 <strong>en la intersecci\u00f3n de las calles Hermano Indio y Ayacucho<\/strong>, tras un <strong>r\u00e1pido accionar policial y un operativo cerrojo<\/strong> que permiti\u00f3 localizar al sospechoso. La bicicleta hab\u00eda sido robada <strong>desde un comercio ubicado sobre Mitre al 900<\/strong>, donde se encontraba estacionada <strong>sin medidas de seguridad<\/strong>.<\/p>\n\n\n\n<p>Seg\u00fan se inform\u00f3, <strong>las c\u00e1maras de seguridad resultaron claves para la identificaci\u00f3n y posterior ubicaci\u00f3n del autor<\/strong>, lo que deriv\u00f3 tambi\u00e9n en <strong>el secuestro del rodado sustra\u00eddo<\/strong>.<\/p>\n\n\n\n<p>El aprehendido fue <strong>alojado en el sector de calabozos<\/strong> e imputado por el delito de <strong>\u201churto agravado (por veh\u00edculo dejado en la v\u00eda p\u00fablica)\u201d<\/strong>, quedando <strong>a disposici\u00f3n de la UFI N\u00b0 7 en turno<\/strong>.<\/p>\n\n\n\n<p>#Policiales #Aprehensi\u00f3n #Hurto #Bicicleta #Seguridad #Investigaci\u00f3n<\/p>\n","protected":false},"excerpt":{"rendered":"<p>El hecho ocurri\u00f3 tras un r\u00e1pido operativo cerrojo que permiti\u00f3 recuperar el rodado sustra\u00eddo y poner al sospechoso a disposici\u00f3n de la Justicia. En la tarde de ayer, personal policial logr\u00f3 la aprehensi\u00f3n de un masculino de 32 a\u00f1os luego de que sustrajera una bicicleta tipo mountain bike, rodado 29, propiedad de un menor de [&hellip;]<\/p>\n","protected":false},"author":4,"featured_media":147560,"comment_status":"closed","ping_status":"closed","sticky":false,"template":"","format":"standard","meta":{"om_disable_all_campaigns":false,"_jetpack_memberships_contains_paid_content":false,"footnotes":""},"categories":[50,2,103],"tags":[5566,3972,8548,6705,8549,1738],"class_list":["post-147559","post","type-post","status-publish","format-standard","has-post-thumbnail","hentry","category-destacadas","category-locales","category-policiales-locales","tag-aprehension-policial","tag-camaras-de-seguridad","tag-hurto-de-bicicleta","tag-operativo-cerrojo","tag-robo-en-la-via-publica","tag-ufi-7"],"aioseo_notices":[],"gutentor_comment":0,"jetpack_featured_media_url":"https:\/\/eldiariodesanpedro.com.ar\/sitio\/wp-content\/uploads\/2026\/01\/medida-2.png","jetpack_shortlink":"https:\/\/wp.me\/p6RhLt-CnZ","jetpack_sharing_enabled":true,"_links":{"self":[{"href":"https:\/\/eldiariodesanpedro.com.ar\/sitio\/wp-json\/wp\/v2\/posts\/147559","targetHints":{"allow":["GET"]}}],"collection":[{"href":"https:\/\/eldiariodesanpedro.com.ar\/sitio\/wp-json\/wp\/v2\/posts"}],"about":[{"href":"https:\/\/eldiariodesanpedro.com.ar\/sitio\/wp-json\/wp\/v2\/types\/post"}],"author":[{"embeddable":true,"href":"https:\/\/eldiariodesanpedro.com.ar\/sitio\/wp-json\/wp\/v2\/users\/4"}],"replies":[{"embeddable":true,"href":"https:\/\/eldiariodesanpedro.com.ar\/sitio\/wp-json\/wp\/v2\/comments?post=147559"}],"version-history":[{"count":1,"href":"https:\/\/eldiariodesanpedro.com.ar\/sitio\/wp-json\/wp\/v2\/posts\/147559\/revisions"}],"predecessor-version":[{"id":147561,"href":"https:\/\/eldiariodesanpedro.com.ar\/sitio\/wp-json\/wp\/v2\/posts\/147559\/revisions\/147561"}],"wp:featuredmedia":[{"embeddable":true,"href":"https:\/\/eldiariodesanpedro.com.ar\/sitio\/wp-json\/wp\/v2\/media\/147560"}],"wp:attachment":[{"href":"https:\/\/eldiariodesanpedro.com.ar\/sitio\/wp-json\/wp\/v2\/media?parent=147559"}],"wp:term":[{"taxonomy":"category","embeddable":true,"href":"https:\/\/eldiariodesanpedro.com.ar\/sitio\/wp-json\/wp\/v2\/categories?post=147559"},{"taxonomy":"post_tag","embeddable":true,"href":"https:\/\/eldiariodesanpedro.com.ar\/sitio\/wp-json\/wp\/v2\/tags?post=147559"}],"curies":[{"name":"wp","href":"https:\/\/api.w.org\/{rel}","templated":true}]}}