{"id":147557,"date":"2026-01-28T10:32:10","date_gmt":"2026-01-28T13:32:10","guid":{"rendered":"https:\/\/eldiariodesanpedro.com.ar\/sitio\/?p=147557"},"modified":"2026-01-28T10:32:14","modified_gmt":"2026-01-28T13:32:14","slug":"fallecio-marta-felicia-cantero-69-anos","status":"publish","type":"post","link":"https:\/\/eldiariodesanpedro.com.ar\/sitio\/fallecio-marta-felicia-cantero-69-anos\/","title":{"rendered":"Falleci\u00f3 Marta Felicia Cantero, 69 a\u00f1os"},"content":{"rendered":"<!-- VideographyWP Plugin Message: Automatic video embedding prevented by plugin options. -->\n\n<p>Falleci\u00f3 Marta Felicia Cantero a los 69 a\u00f1os. Sus restos son velados en la sala N.\u00ba 2 y el servicio se extender\u00e1 hasta el mediod\u00eda de este martes.<\/p>\n\n\n\n<p>La comunidad despide con pesar a <strong>Marta Felicia Cantero<\/strong>, quien <strong>falleci\u00f3 a los 69 a\u00f1os<\/strong>. Sus restos <strong>son velados en la sala velatoria N.\u00ba 2<\/strong>, ubicada en <strong>3 de Febrero 1475<\/strong>, donde familiares y allegados le brindan el \u00faltimo adi\u00f3s.<\/p>\n\n\n\n<p>El <strong>servicio se realizar\u00e1 hasta las 12:00 horas de este martes 28 de enero de 2026<\/strong>. La prestaci\u00f3n se encuentra a cargo de <strong>Coopser Servicios Sociales<\/strong>.<\/p>\n\n\n\n<p>#Fallecimiento #Necrol\u00f3gica #Coopser #ServiciosSociales #Despedida<\/p>\n","protected":false},"excerpt":{"rendered":"<p>Falleci\u00f3 Marta Felicia Cantero a los 69 a\u00f1os. Sus restos son velados en la sala N.\u00ba 2 y el servicio se extender\u00e1 hasta el mediod\u00eda de este martes. La comunidad despide con pesar a Marta Felicia Cantero, quien falleci\u00f3 a los 69 a\u00f1os. Sus restos son velados en la sala velatoria N.\u00ba 2, ubicada en [&hellip;]<\/p>\n","protected":false},"author":4,"featured_media":113757,"comment_status":"closed","ping_status":"closed","sticky":false,"template":"","format":"standard","meta":{"om_disable_all_campaigns":false,"_jetpack_memberships_contains_paid_content":false,"footnotes":""},"categories":[8424],"tags":[5113,8546,7895,8547,6097],"class_list":["post-147557","post","type-post","status-publish","format-standard","has-post-thumbnail","hentry","category-necrologicas","tag-coopser-servicios-sociales","tag-fallecio-marta-felicia-cantero","tag-necrologica","tag-sala-velatoria-n-2","tag-servicio-velatorio"],"aioseo_notices":[],"gutentor_comment":0,"jetpack_featured_media_url":"https:\/\/eldiariodesanpedro.com.ar\/sitio\/wp-content\/uploads\/2023\/01\/necrologicas.jpg","jetpack_shortlink":"https:\/\/wp.me\/p6RhLt-CnX","jetpack_sharing_enabled":true,"_links":{"self":[{"href":"https:\/\/eldiariodesanpedro.com.ar\/sitio\/wp-json\/wp\/v2\/posts\/147557","targetHints":{"allow":["GET"]}}],"collection":[{"href":"https:\/\/eldiariodesanpedro.com.ar\/sitio\/wp-json\/wp\/v2\/posts"}],"about":[{"href":"https:\/\/eldiariodesanpedro.com.ar\/sitio\/wp-json\/wp\/v2\/types\/post"}],"author":[{"embeddable":true,"href":"https:\/\/eldiariodesanpedro.com.ar\/sitio\/wp-json\/wp\/v2\/users\/4"}],"replies":[{"embeddable":true,"href":"https:\/\/eldiariodesanpedro.com.ar\/sitio\/wp-json\/wp\/v2\/comments?post=147557"}],"version-history":[{"count":1,"href":"https:\/\/eldiariodesanpedro.com.ar\/sitio\/wp-json\/wp\/v2\/posts\/147557\/revisions"}],"predecessor-version":[{"id":147558,"href":"https:\/\/eldiariodesanpedro.com.ar\/sitio\/wp-json\/wp\/v2\/posts\/147557\/revisions\/147558"}],"wp:featuredmedia":[{"embeddable":true,"href":"https:\/\/eldiariodesanpedro.com.ar\/sitio\/wp-json\/wp\/v2\/media\/113757"}],"wp:attachment":[{"href":"https:\/\/eldiariodesanpedro.com.ar\/sitio\/wp-json\/wp\/v2\/media?parent=147557"}],"wp:term":[{"taxonomy":"category","embeddable":true,"href":"https:\/\/eldiariodesanpedro.com.ar\/sitio\/wp-json\/wp\/v2\/categories?post=147557"},{"taxonomy":"post_tag","embeddable":true,"href":"https:\/\/eldiariodesanpedro.com.ar\/sitio\/wp-json\/wp\/v2\/tags?post=147557"}],"curies":[{"name":"wp","href":"https:\/\/api.w.org\/{rel}","templated":true}]}}