{"id":14755,"date":"2017-02-15T20:56:30","date_gmt":"2017-02-15T23:56:30","guid":{"rendered":"https:\/\/eldiariodesanpedro.com.ar\/sitio\/?p=14755"},"modified":"2017-02-15T20:56:30","modified_gmt":"2017-02-15T23:56:30","slug":"campana-tenaris-envuelta-entre-la-incertidumbre-las-suspensiones-y-los-despidos","status":"publish","type":"post","link":"https:\/\/eldiariodesanpedro.com.ar\/sitio\/campana-tenaris-envuelta-entre-la-incertidumbre-las-suspensiones-y-los-despidos\/","title":{"rendered":"CAMPANA: Tenaris envuelta entre la incertidumbre, las suspensiones y los despidos"},"content":{"rendered":"<p><!-- VideographyWP Plugin Message: Automatic video embedding prevented by plugin options. --><br \/>\nEn Tenaris sigue la problem\u00e1tica con las suspensiones y los despidos. Se ratificaron 5 de los 8 que hab\u00eda en un principio.<\/p>\n<p>Miguel D\u00edaz, vocero del Partido Obrero en nuestra ciudad, que nos afirm\u00f3 que \u201cluego de la conciliaci\u00f3n obligatoria se ratificaron 5 de los 8 despidos de empleados. Mientras que de los tres restantes, uno fue reincorporado y dos acordaron su salida\u201d.<\/p>\n<p>Manifest\u00f3 que \u201cel pacto antidespidos hasta marzo fue solamente una ilusi\u00f3n, si quieren pueden despedir 10mil empleados m\u00e1s\u201d.<\/p>\n<p>En el d\u00eda de hoy \u201cla UOM se est\u00e1 movilizando en defensa de la Industria Nacional, algo que es un tanto irrisorio porque fue la misma que despidi\u00f3 a 20mil obreros metal\u00fargicos\u201d.<\/p>\n<p>\u201cDesde el Partido proponemos una huelga general y queremos paritarias libres de forma urgente\u201d, concluy\u00f3. (Z\u00e1rate Aleta)<\/p>\n","protected":false},"excerpt":{"rendered":"<p>En Tenaris sigue la problem\u00e1tica con las suspensiones y los despidos. Se ratificaron 5 de los 8 que hab\u00eda en un principio. Miguel D\u00edaz, vocero del Partido Obrero en nuestra ciudad, que nos afirm\u00f3 que \u201cluego de la conciliaci\u00f3n obligatoria se ratificaron 5 de los 8 despidos de empleados. Mientras que de los tres restantes, [&hellip;]<\/p>\n","protected":false},"author":4,"featured_media":11619,"comment_status":"open","ping_status":"closed","sticky":false,"template":"","format":"standard","meta":{"om_disable_all_campaigns":false,"_jetpack_memberships_contains_paid_content":false,"footnotes":""},"categories":[621],"tags":[],"class_list":["post-14755","post","type-post","status-publish","format-standard","has-post-thumbnail","hentry","category-regionales"],"aioseo_notices":[],"gutentor_comment":0,"jetpack_featured_media_url":"https:\/\/eldiariodesanpedro.com.ar\/sitio\/wp-content\/uploads\/2016\/12\/Tenaris-Siderca.jpg","jetpack_shortlink":"https:\/\/wp.me\/p6RhLt-3PZ","jetpack_sharing_enabled":true,"_links":{"self":[{"href":"https:\/\/eldiariodesanpedro.com.ar\/sitio\/wp-json\/wp\/v2\/posts\/14755","targetHints":{"allow":["GET"]}}],"collection":[{"href":"https:\/\/eldiariodesanpedro.com.ar\/sitio\/wp-json\/wp\/v2\/posts"}],"about":[{"href":"https:\/\/eldiariodesanpedro.com.ar\/sitio\/wp-json\/wp\/v2\/types\/post"}],"author":[{"embeddable":true,"href":"https:\/\/eldiariodesanpedro.com.ar\/sitio\/wp-json\/wp\/v2\/users\/4"}],"replies":[{"embeddable":true,"href":"https:\/\/eldiariodesanpedro.com.ar\/sitio\/wp-json\/wp\/v2\/comments?post=14755"}],"version-history":[{"count":1,"href":"https:\/\/eldiariodesanpedro.com.ar\/sitio\/wp-json\/wp\/v2\/posts\/14755\/revisions"}],"predecessor-version":[{"id":14756,"href":"https:\/\/eldiariodesanpedro.com.ar\/sitio\/wp-json\/wp\/v2\/posts\/14755\/revisions\/14756"}],"wp:featuredmedia":[{"embeddable":true,"href":"https:\/\/eldiariodesanpedro.com.ar\/sitio\/wp-json\/wp\/v2\/media\/11619"}],"wp:attachment":[{"href":"https:\/\/eldiariodesanpedro.com.ar\/sitio\/wp-json\/wp\/v2\/media?parent=14755"}],"wp:term":[{"taxonomy":"category","embeddable":true,"href":"https:\/\/eldiariodesanpedro.com.ar\/sitio\/wp-json\/wp\/v2\/categories?post=14755"},{"taxonomy":"post_tag","embeddable":true,"href":"https:\/\/eldiariodesanpedro.com.ar\/sitio\/wp-json\/wp\/v2\/tags?post=14755"}],"curies":[{"name":"wp","href":"https:\/\/api.w.org\/{rel}","templated":true}]}}