{"id":147528,"date":"2026-01-27T11:35:53","date_gmt":"2026-01-27T14:35:53","guid":{"rendered":"https:\/\/eldiariodesanpedro.com.ar\/sitio\/?p=147528"},"modified":"2026-01-27T11:35:59","modified_gmt":"2026-01-27T14:35:59","slug":"aprehendieron-a-un-joven-con-motocicleta-adulterada-droga-y-desobediencia","status":"publish","type":"post","link":"https:\/\/eldiariodesanpedro.com.ar\/sitio\/aprehendieron-a-un-joven-con-motocicleta-adulterada-droga-y-desobediencia\/","title":{"rendered":"Aprehendieron a un joven con motocicleta adulterada, droga y desobediencia"},"content":{"rendered":"<!-- VideographyWP Plugin Message: Automatic video embedding prevented by plugin options. -->\n\n<p>Un masculino de 22 a\u00f1os fue detenido tras evadir un control policial, circular en una moto con numeraci\u00f3n suprimida y portar una cantidad \u00ednfima de marihuana.<\/p>\n\n\n\n<p>En la tarde de ayer, <strong>personal de la UTOI que se encuentra reforzando la seguridad en la ciudad<\/strong> procedi\u00f3 a la <strong>aprehensi\u00f3n de un masculino de 22 a\u00f1os<\/strong> en inmediaciones de <strong>calle General Pueyrred\u00f3n al 1300<\/strong>, luego de que <strong>hiciera caso omiso a una identificaci\u00f3n policial de rutina<\/strong>.<\/p>\n\n\n\n<p>Seg\u00fan se inform\u00f3, el joven <strong>emprendi\u00f3 la fuga por distintas calles de la ciudad<\/strong> a bordo de una <strong>motocicleta de aproximadamente 250 cc<\/strong>, siendo finalmente <strong>interceptado por el personal policial<\/strong> tras un operativo de seguimiento.<\/p>\n\n\n\n<p>Al momento de la aprehensi\u00f3n, los efectivos constataron que <strong>el rodado presentaba la numeraci\u00f3n de cuadro y motor suprimida<\/strong>, y que el sujeto <strong>transportaba una cantidad \u00ednfima de marihuana<\/strong> entre sus pertenencias.<\/p>\n\n\n\n<p>Por este motivo, el masculino fue <strong>trasladado a la sede policial<\/strong>, donde qued\u00f3 <strong>imputado por los delitos de falsificaci\u00f3n, alteraci\u00f3n o supresi\u00f3n de la numeraci\u00f3n de un objeto registrable (art\u00edculo 289 del C\u00f3digo Penal), infracci\u00f3n a la Ley de Drogas 23.737 y desobediencia<\/strong>, quedando posteriormente <strong>a disposici\u00f3n de la Justicia<\/strong>.<\/p>\n\n\n\n<p>#Policiales #Aprehensi\u00f3n #UTOI #MotocicletaAdulterada #LeyDeDrogas #Desobediencia #Seguridad<\/p>\n","protected":false},"excerpt":{"rendered":"<p>Un masculino de 22 a\u00f1os fue detenido tras evadir un control policial, circular en una moto con numeraci\u00f3n suprimida y portar una cantidad \u00ednfima de marihuana. En la tarde de ayer, personal de la UTOI que se encuentra reforzando la seguridad en la ciudad procedi\u00f3 a la aprehensi\u00f3n de un masculino de 22 a\u00f1os en [&hellip;]<\/p>\n","protected":false},"author":4,"featured_media":147529,"comment_status":"closed","ping_status":"closed","sticky":false,"template":"","format":"standard","meta":{"om_disable_all_campaigns":false,"_jetpack_memberships_contains_paid_content":false,"footnotes":""},"categories":[50,2,103],"tags":[5566,8002,8515,189,8513,8514,3584,5674],"class_list":["post-147528","post","type-post","status-publish","format-standard","has-post-thumbnail","hentry","category-destacadas","category-locales","category-policiales-locales","tag-aprehension-policial","tag-control-policial","tag-delito-penal","tag-marihuana","tag-moto-adulterada","tag-numeracion-suprimida","tag-seguridad-ciudadana","tag-utoi"],"aioseo_notices":[],"gutentor_comment":0,"jetpack_featured_media_url":"https:\/\/eldiariodesanpedro.com.ar\/sitio\/wp-content\/uploads\/2026\/01\/medida-2-4.jpg","jetpack_shortlink":"https:\/\/wp.me\/p6RhLt-Cnu","jetpack_sharing_enabled":true,"_links":{"self":[{"href":"https:\/\/eldiariodesanpedro.com.ar\/sitio\/wp-json\/wp\/v2\/posts\/147528","targetHints":{"allow":["GET"]}}],"collection":[{"href":"https:\/\/eldiariodesanpedro.com.ar\/sitio\/wp-json\/wp\/v2\/posts"}],"about":[{"href":"https:\/\/eldiariodesanpedro.com.ar\/sitio\/wp-json\/wp\/v2\/types\/post"}],"author":[{"embeddable":true,"href":"https:\/\/eldiariodesanpedro.com.ar\/sitio\/wp-json\/wp\/v2\/users\/4"}],"replies":[{"embeddable":true,"href":"https:\/\/eldiariodesanpedro.com.ar\/sitio\/wp-json\/wp\/v2\/comments?post=147528"}],"version-history":[{"count":1,"href":"https:\/\/eldiariodesanpedro.com.ar\/sitio\/wp-json\/wp\/v2\/posts\/147528\/revisions"}],"predecessor-version":[{"id":147530,"href":"https:\/\/eldiariodesanpedro.com.ar\/sitio\/wp-json\/wp\/v2\/posts\/147528\/revisions\/147530"}],"wp:featuredmedia":[{"embeddable":true,"href":"https:\/\/eldiariodesanpedro.com.ar\/sitio\/wp-json\/wp\/v2\/media\/147529"}],"wp:attachment":[{"href":"https:\/\/eldiariodesanpedro.com.ar\/sitio\/wp-json\/wp\/v2\/media?parent=147528"}],"wp:term":[{"taxonomy":"category","embeddable":true,"href":"https:\/\/eldiariodesanpedro.com.ar\/sitio\/wp-json\/wp\/v2\/categories?post=147528"},{"taxonomy":"post_tag","embeddable":true,"href":"https:\/\/eldiariodesanpedro.com.ar\/sitio\/wp-json\/wp\/v2\/tags?post=147528"}],"curies":[{"name":"wp","href":"https:\/\/api.w.org\/{rel}","templated":true}]}}