{"id":14752,"date":"2017-02-15T20:53:16","date_gmt":"2017-02-15T23:53:16","guid":{"rendered":"https:\/\/eldiariodesanpedro.com.ar\/sitio\/?p=14752"},"modified":"2017-02-15T20:53:16","modified_gmt":"2017-02-15T23:53:16","slug":"san-antonio-de-areco-duranona-perfila-a-cfk-como-la-mejor-candidata-a-senadora-y-quiere-interna-scioli-randazzo","status":"publish","type":"post","link":"https:\/\/eldiariodesanpedro.com.ar\/sitio\/san-antonio-de-areco-duranona-perfila-a-cfk-como-la-mejor-candidata-a-senadora-y-quiere-interna-scioli-randazzo\/","title":{"rendered":"SAN ANTONIO DE ARECO: Dura\u00f1ona perfila a CFK como \u201cla mejor candidata\u201d a Senadora y quiere interna Scioli-Randazzo"},"content":{"rendered":"<p><!-- VideographyWP Plugin Message: Automatic video embedding prevented by plugin options. --><br \/>\nEl intendente de San Antonio de Areco, Francisco \u201cPaco\u201d Dura\u00f1ona, volvi\u00f3 a reivindicar la figura de CFK al asegurar que \u201ces la mejor candidata\u201d y reclam\u00f3 una interna peronista entre el ex ministro Florencio Randazo y el ex gobernador Daniel Scioli.<\/p>\n<p>\u201cEs un a\u00f1o fundamental para el peronismo y para nuestro espacio, tenemos que tener una performance importante, considerando lo que est\u00e1 pasando en Argentina\u201d, analiz\u00f3 Dura\u00f1ona.<\/p>\n<p>En ese sentido, aclar\u00f3: \u201cParece que todos estamos de acuerdo en que la mejor candidata que tenemos es ella (Cristina). Me cuesta mucho pensar que no va a ser candidata, m\u00e1s all\u00e1 del deseo que tengo como militante y como intendente y que tenemos muchos de que sea ella quien encabece\u201d.<\/p>\n<p>En declaraciones a Radio Cultura, el alcalde peronista destac\u00f3  que le gustar\u00eda ver unas PASO, para ver quien encabeza la lista de diputados, mientras que la ex mandataria ocupar\u00eda el primer lugar en la de senadores. \u201cA todos nos gustar\u00eda ver la gran interna entre Randazzo y Scioli\u201d, asegur\u00f3, y dej\u00f3 en claro que la presencia de Cristina en las listas no invalida esa instancia. \u201cEl que quiera ir a unas PASO contra CFK la va a pasar mal, porque es la que mejor mide\u201d, se\u00f1al\u00f3. (InfoCielo)<\/p>\n","protected":false},"excerpt":{"rendered":"<p>El intendente de San Antonio de Areco, Francisco \u201cPaco\u201d Dura\u00f1ona, volvi\u00f3 a reivindicar la figura de CFK al asegurar que \u201ces la mejor candidata\u201d y reclam\u00f3 una interna peronista entre el ex ministro Florencio Randazo y el ex gobernador Daniel Scioli. \u201cEs un a\u00f1o fundamental para el peronismo y para nuestro espacio, tenemos que tener [&hellip;]<\/p>\n","protected":false},"author":4,"featured_media":14753,"comment_status":"open","ping_status":"closed","sticky":false,"template":"","format":"standard","meta":{"om_disable_all_campaigns":false,"_jetpack_memberships_contains_paid_content":false,"footnotes":""},"categories":[621],"tags":[],"class_list":["post-14752","post","type-post","status-publish","format-standard","has-post-thumbnail","hentry","category-regionales"],"aioseo_notices":[],"gutentor_comment":0,"jetpack_featured_media_url":"https:\/\/eldiariodesanpedro.com.ar\/sitio\/wp-content\/uploads\/2017\/02\/Dura\u00f1ona-junto-a-CFK.jpg","jetpack_shortlink":"https:\/\/wp.me\/p6RhLt-3PW","jetpack_sharing_enabled":true,"_links":{"self":[{"href":"https:\/\/eldiariodesanpedro.com.ar\/sitio\/wp-json\/wp\/v2\/posts\/14752","targetHints":{"allow":["GET"]}}],"collection":[{"href":"https:\/\/eldiariodesanpedro.com.ar\/sitio\/wp-json\/wp\/v2\/posts"}],"about":[{"href":"https:\/\/eldiariodesanpedro.com.ar\/sitio\/wp-json\/wp\/v2\/types\/post"}],"author":[{"embeddable":true,"href":"https:\/\/eldiariodesanpedro.com.ar\/sitio\/wp-json\/wp\/v2\/users\/4"}],"replies":[{"embeddable":true,"href":"https:\/\/eldiariodesanpedro.com.ar\/sitio\/wp-json\/wp\/v2\/comments?post=14752"}],"version-history":[{"count":1,"href":"https:\/\/eldiariodesanpedro.com.ar\/sitio\/wp-json\/wp\/v2\/posts\/14752\/revisions"}],"predecessor-version":[{"id":14754,"href":"https:\/\/eldiariodesanpedro.com.ar\/sitio\/wp-json\/wp\/v2\/posts\/14752\/revisions\/14754"}],"wp:featuredmedia":[{"embeddable":true,"href":"https:\/\/eldiariodesanpedro.com.ar\/sitio\/wp-json\/wp\/v2\/media\/14753"}],"wp:attachment":[{"href":"https:\/\/eldiariodesanpedro.com.ar\/sitio\/wp-json\/wp\/v2\/media?parent=14752"}],"wp:term":[{"taxonomy":"category","embeddable":true,"href":"https:\/\/eldiariodesanpedro.com.ar\/sitio\/wp-json\/wp\/v2\/categories?post=14752"},{"taxonomy":"post_tag","embeddable":true,"href":"https:\/\/eldiariodesanpedro.com.ar\/sitio\/wp-json\/wp\/v2\/tags?post=14752"}],"curies":[{"name":"wp","href":"https:\/\/api.w.org\/{rel}","templated":true}]}}