{"id":14749,"date":"2017-02-15T20:51:00","date_gmt":"2017-02-15T23:51:00","guid":{"rendered":"https:\/\/eldiariodesanpedro.com.ar\/sitio\/?p=14749"},"modified":"2017-02-15T20:51:00","modified_gmt":"2017-02-15T23:51:00","slug":"gdor-castro-concejales-reiteran-el-pedido-por-una-garita","status":"publish","type":"post","link":"https:\/\/eldiariodesanpedro.com.ar\/sitio\/gdor-castro-concejales-reiteran-el-pedido-por-una-garita\/","title":{"rendered":"Gdor. Castro: Concejales reiteran el pedido por una garita"},"content":{"rendered":"<p><!-- VideographyWP Plugin Message: Automatic video embedding prevented by plugin options. --><br \/>\nConcejales de los bloques del Frente Para la Victoria y Doctrina y Convicci\u00f3n peronista solicitaron al Ejecutivo, que cumpla con una resoluci\u00f3n aprobada en 2015 por unanimidad por el HCD durante la gesti\u00f3n Giovanettoni, de la construcci\u00f3n de una garita en el acceso a Gobernador Castro.<\/p>\n<p>El pedido se realizo el pasado 2 de febrero por los ediles Quintana, Trelles, Mosquera y S\u00e1nchez Kasta que pidieron al Ejecutivo que avance con la iniciativa, ya que muchas personas deben ascender o descender de diferentes transportes, en el arco de entrada al pueblo.<\/p>\n<p>En junio de 2015, el Concejo Deliberante aprob\u00f3 por unanimidad un proyecto de resoluci\u00f3n solicitando la construcci\u00f3n de una garita refugio para pasajeros en la localidad de Gobernador Castro que \u00abquedan a la intemperie donde tienen que recibir las inclemencias del tiempo seg\u00fan la \u00e9poca del a\u00f1o\u00bb.<\/p>\n","protected":false},"excerpt":{"rendered":"<p>Concejales de los bloques del Frente Para la Victoria y Doctrina y Convicci\u00f3n peronista solicitaron al Ejecutivo, que cumpla con una resoluci\u00f3n aprobada en 2015 por unanimidad por el HCD durante la gesti\u00f3n Giovanettoni, de la construcci\u00f3n de una garita en el acceso a Gobernador Castro. El pedido se realizo el pasado 2 de febrero [&hellip;]<\/p>\n","protected":false},"author":4,"featured_media":14750,"comment_status":"open","ping_status":"closed","sticky":false,"template":"","format":"standard","meta":{"om_disable_all_campaigns":false,"_jetpack_memberships_contains_paid_content":false,"footnotes":""},"categories":[2,102],"tags":[],"class_list":["post-14749","post","type-post","status-publish","format-standard","has-post-thumbnail","hentry","category-locales","category-politica-locales"],"aioseo_notices":[],"gutentor_comment":0,"jetpack_featured_media_url":"https:\/\/eldiariodesanpedro.com.ar\/sitio\/wp-content\/uploads\/2017\/02\/imagen-ilustrativa-garita.jpg","jetpack_shortlink":"https:\/\/wp.me\/p6RhLt-3PT","jetpack_sharing_enabled":true,"_links":{"self":[{"href":"https:\/\/eldiariodesanpedro.com.ar\/sitio\/wp-json\/wp\/v2\/posts\/14749","targetHints":{"allow":["GET"]}}],"collection":[{"href":"https:\/\/eldiariodesanpedro.com.ar\/sitio\/wp-json\/wp\/v2\/posts"}],"about":[{"href":"https:\/\/eldiariodesanpedro.com.ar\/sitio\/wp-json\/wp\/v2\/types\/post"}],"author":[{"embeddable":true,"href":"https:\/\/eldiariodesanpedro.com.ar\/sitio\/wp-json\/wp\/v2\/users\/4"}],"replies":[{"embeddable":true,"href":"https:\/\/eldiariodesanpedro.com.ar\/sitio\/wp-json\/wp\/v2\/comments?post=14749"}],"version-history":[{"count":1,"href":"https:\/\/eldiariodesanpedro.com.ar\/sitio\/wp-json\/wp\/v2\/posts\/14749\/revisions"}],"predecessor-version":[{"id":14751,"href":"https:\/\/eldiariodesanpedro.com.ar\/sitio\/wp-json\/wp\/v2\/posts\/14749\/revisions\/14751"}],"wp:featuredmedia":[{"embeddable":true,"href":"https:\/\/eldiariodesanpedro.com.ar\/sitio\/wp-json\/wp\/v2\/media\/14750"}],"wp:attachment":[{"href":"https:\/\/eldiariodesanpedro.com.ar\/sitio\/wp-json\/wp\/v2\/media?parent=14749"}],"wp:term":[{"taxonomy":"category","embeddable":true,"href":"https:\/\/eldiariodesanpedro.com.ar\/sitio\/wp-json\/wp\/v2\/categories?post=14749"},{"taxonomy":"post_tag","embeddable":true,"href":"https:\/\/eldiariodesanpedro.com.ar\/sitio\/wp-json\/wp\/v2\/tags?post=14749"}],"curies":[{"name":"wp","href":"https:\/\/api.w.org\/{rel}","templated":true}]}}