{"id":147478,"date":"2026-01-26T16:45:22","date_gmt":"2026-01-26T19:45:22","guid":{"rendered":"https:\/\/eldiariodesanpedro.com.ar\/sitio\/?p=147478"},"modified":"2026-01-26T16:45:27","modified_gmt":"2026-01-26T19:45:27","slug":"santino-debio-ser-intervenido-de-urgencia-y-permanece-en-cuidados-intensivos","status":"publish","type":"post","link":"https:\/\/eldiariodesanpedro.com.ar\/sitio\/santino-debio-ser-intervenido-de-urgencia-y-permanece-en-cuidados-intensivos\/","title":{"rendered":"Santino debi\u00f3 ser intervenido de urgencia y permanece en cuidados intensivos"},"content":{"rendered":"<!-- VideographyWP Plugin Message: Automatic video embedding prevented by plugin options. -->\n\n<p>El beb\u00e9 de 7 meses, trasplantado de h\u00edgado, fue operado de urgencia en el Hospital Garrahan por una complicaci\u00f3n arterial. La cirug\u00eda fue exitosa y contin\u00faa en terapia intensiva.<\/p>\n\n\n\n<p>Esta ma\u00f1ana, <strong>Santino, el beb\u00e9 de 7 meses que recibi\u00f3 un trasplante de h\u00edgado<\/strong>, debi\u00f3 ser <strong>intervenido de urgencia<\/strong> en el <strong>Hospital Garrahan<\/strong> luego de detectarse <strong>una obstrucci\u00f3n en una arteria<\/strong>, situaci\u00f3n que encendi\u00f3 la alarma en el equipo m\u00e9dico.<\/p>\n\n\n\n<p>El ingreso al quir\u00f3fano se produjo <strong>a las 8:30<\/strong>, y la cirug\u00eda se extendi\u00f3 hasta <strong>pasadas las 11:30<\/strong>. Seg\u00fan informaron familiares, <strong>la intervenci\u00f3n fue exitosa<\/strong>: el cirujano logr\u00f3 <strong>destrabar la arteria<\/strong>, lo que permiti\u00f3 <strong>evitar un nuevo trasplante<\/strong>, una noticia que llev\u00f3 alivio y esperanza a todo el entorno del peque\u00f1o.<\/p>\n\n\n\n<p>Actualmente, <strong>Santino permanece internado en cuidados intensivos<\/strong>, bajo estricta observaci\u00f3n m\u00e9dica. De acuerdo a lo indicado por los profesionales, <strong>la recuperaci\u00f3n demandar\u00e1 entre un mes y un mes y medio de internaci\u00f3n<\/strong>, y el ni\u00f1o <strong>deber\u00e1 continuar con medicaci\u00f3n de por vida<\/strong> como parte del tratamiento posterior al trasplante.<\/p>\n\n\n\n<p>En este contexto, la familia anunci\u00f3 que <strong>organizar\u00e1 una rifa solidaria<\/strong> para afrontar los gastos que implica la estad\u00eda prolongada en el hospital, cuyos detalles ser\u00e1n comunicados en los pr\u00f3ximos d\u00edas. Adem\u00e1s, <strong>renuevan el pedido de acompa\u00f1amiento y oraciones<\/strong> por la recuperaci\u00f3n de Santino, agradeciendo cada muestra de apoyo recibida.<\/p>\n\n\n\n<p>#Santino #TrasplanteDeHigado #HospitalGarrahan #CuidadosIntensivos #SaludInfantil #FuerzaSantino #Solidaridad<\/p>\n","protected":false},"excerpt":{"rendered":"<p>El beb\u00e9 de 7 meses, trasplantado de h\u00edgado, fue operado de urgencia en el Hospital Garrahan por una complicaci\u00f3n arterial. La cirug\u00eda fue exitosa y contin\u00faa en terapia intensiva. Esta ma\u00f1ana, Santino, el beb\u00e9 de 7 meses que recibi\u00f3 un trasplante de h\u00edgado, debi\u00f3 ser intervenido de urgencia en el Hospital Garrahan luego de detectarse [&hellip;]<\/p>\n","protected":false},"author":4,"featured_media":147479,"comment_status":"closed","ping_status":"closed","sticky":false,"template":"","format":"standard","meta":{"om_disable_all_campaigns":false,"_jetpack_memberships_contains_paid_content":false,"footnotes":""},"categories":[50,101,2],"tags":[8504,8505,6480,8507,8506,8503],"class_list":["post-147478","post","type-post","status-publish","format-standard","has-post-thumbnail","hentry","category-destacadas","category-interes-general-locales","category-locales","tag-cirugia-de-urgencia","tag-cuidados-intensivos-pediatricos","tag-hospital-garrahan","tag-rifa-solidaria","tag-salud-infantil","tag-santino-bebe-trasplante-de-higado"],"aioseo_notices":[],"gutentor_comment":0,"jetpack_featured_media_url":"https:\/\/eldiariodesanpedro.com.ar\/sitio\/wp-content\/uploads\/2026\/01\/3521.jpg","jetpack_shortlink":"https:\/\/wp.me\/p6RhLt-CmG","jetpack_sharing_enabled":true,"_links":{"self":[{"href":"https:\/\/eldiariodesanpedro.com.ar\/sitio\/wp-json\/wp\/v2\/posts\/147478","targetHints":{"allow":["GET"]}}],"collection":[{"href":"https:\/\/eldiariodesanpedro.com.ar\/sitio\/wp-json\/wp\/v2\/posts"}],"about":[{"href":"https:\/\/eldiariodesanpedro.com.ar\/sitio\/wp-json\/wp\/v2\/types\/post"}],"author":[{"embeddable":true,"href":"https:\/\/eldiariodesanpedro.com.ar\/sitio\/wp-json\/wp\/v2\/users\/4"}],"replies":[{"embeddable":true,"href":"https:\/\/eldiariodesanpedro.com.ar\/sitio\/wp-json\/wp\/v2\/comments?post=147478"}],"version-history":[{"count":1,"href":"https:\/\/eldiariodesanpedro.com.ar\/sitio\/wp-json\/wp\/v2\/posts\/147478\/revisions"}],"predecessor-version":[{"id":147480,"href":"https:\/\/eldiariodesanpedro.com.ar\/sitio\/wp-json\/wp\/v2\/posts\/147478\/revisions\/147480"}],"wp:featuredmedia":[{"embeddable":true,"href":"https:\/\/eldiariodesanpedro.com.ar\/sitio\/wp-json\/wp\/v2\/media\/147479"}],"wp:attachment":[{"href":"https:\/\/eldiariodesanpedro.com.ar\/sitio\/wp-json\/wp\/v2\/media?parent=147478"}],"wp:term":[{"taxonomy":"category","embeddable":true,"href":"https:\/\/eldiariodesanpedro.com.ar\/sitio\/wp-json\/wp\/v2\/categories?post=147478"},{"taxonomy":"post_tag","embeddable":true,"href":"https:\/\/eldiariodesanpedro.com.ar\/sitio\/wp-json\/wp\/v2\/tags?post=147478"}],"curies":[{"name":"wp","href":"https:\/\/api.w.org\/{rel}","templated":true}]}}