{"id":147469,"date":"2026-01-26T15:44:17","date_gmt":"2026-01-26T18:44:17","guid":{"rendered":"https:\/\/eldiariodesanpedro.com.ar\/sitio\/?p=147469"},"modified":"2026-01-26T15:44:22","modified_gmt":"2026-01-26T18:44:22","slug":"cedieron-tres-piedras-de-antiguas-boleadoras-al-museo-paleontologico","status":"publish","type":"post","link":"https:\/\/eldiariodesanpedro.com.ar\/sitio\/cedieron-tres-piedras-de-antiguas-boleadoras-al-museo-paleontologico\/","title":{"rendered":"Cedieron tres piedras de antiguas boleadoras al Museo Paleontol\u00f3gico"},"content":{"rendered":"<!-- VideographyWP Plugin Message: Automatic video embedding prevented by plugin options. -->\n\n<p>Las piezas, halladas en una zona rural y elaboradas por antiguos pobladores, fueron incorporadas al patrimonio cultural para su preservaci\u00f3n y estudio.<\/p>\n\n\n\n<p>Tres <strong>piedras esf\u00e9ricas de granito<\/strong>, trabajadas por <strong>antiguos habitantes de la regi\u00f3n<\/strong> para ser utilizadas como <strong>boleadoras<\/strong>, fueron <strong>cedidas al Museo Paleontol\u00f3gico de San Pedro<\/strong> para su resguardo y conservaci\u00f3n.<\/p>\n\n\n\n<p>Las piezas provienen de <strong>materiales obtenidos mediante intercambios<\/strong> con grupos que habitaban zonas serranas, como <strong>Tandil<\/strong> o la <strong>Isla Mart\u00edn Garc\u00eda<\/strong>, lo que refuerza su <strong>valor arqueol\u00f3gico y cultural<\/strong>. Los objetos fueron <strong>hallados a\u00f1os atr\u00e1s durante tareas de labranza<\/strong> en las afueras de la ciudad por <strong>Carmelo Luna<\/strong>, y recientemente <strong>su hijo Enrique<\/strong> decidi\u00f3 acercarlos al museo para que <strong>formen parte del patrimonio de toda la comunidad<\/strong>.<\/p>\n\n\n\n<p>Las <strong>bolas de piedra<\/strong>, de <strong>aproximadamente 6 cent\u00edmetros de di\u00e1metro<\/strong>, presentan <strong>diferentes estados de manufactura<\/strong>. <strong>Dos<\/strong> de ellas parecen haber sufrido <strong>roturas durante su elaboraci\u00f3n<\/strong> o haber quedado como <strong>intentos fallidos<\/strong>, mientras que la <strong>tercera se encuentra completamente terminada y pulida<\/strong>, lo que permite apreciar con claridad la <strong>t\u00e9cnica empleada por los pueblos originarios<\/strong>.<\/p>\n\n\n\n<p>Desde la instituci\u00f3n destacaron la <strong>importancia de estos aportes voluntarios<\/strong> y <strong>agradecieron a la familia Luna<\/strong> por contribuir a la <strong>preservaci\u00f3n de elementos hist\u00f3ricos<\/strong> que permiten <strong>reconstruir el pasado regional<\/strong>.<\/p>\n\n\n\n<p>#MuseoPaleontol\u00f3gico #PatrimonioCultural #Arqueolog\u00eda #Boleadoras #HistoriaRegional #PueblosOriginarios #SanPedro<\/p>\n","protected":false},"excerpt":{"rendered":"<p>Las piezas, halladas en una zona rural y elaboradas por antiguos pobladores, fueron incorporadas al patrimonio cultural para su preservaci\u00f3n y estudio. Tres piedras esf\u00e9ricas de granito, trabajadas por antiguos habitantes de la regi\u00f3n para ser utilizadas como boleadoras, fueron cedidas al Museo Paleontol\u00f3gico de San Pedro para su resguardo y conservaci\u00f3n. Las piezas provienen [&hellip;]<\/p>\n","protected":false},"author":4,"featured_media":147470,"comment_status":"closed","ping_status":"closed","sticky":false,"template":"","format":"standard","meta":{"om_disable_all_campaigns":false,"_jetpack_memberships_contains_paid_content":false,"footnotes":""},"categories":[101,2],"tags":[8488,8487,8491,8490,5983,3648,8489],"class_list":["post-147469","post","type-post","status-publish","format-standard","has-post-thumbnail","hentry","category-interes-general-locales","category-locales","tag-arqueologia-regional","tag-boleadoras","tag-hallazgos-arqueologicos","tag-historia-local","tag-museo-paleontologico-2","tag-patrimonio-cultural","tag-pueblos-originarios"],"aioseo_notices":[],"gutentor_comment":0,"jetpack_featured_media_url":"https:\/\/eldiariodesanpedro.com.ar\/sitio\/wp-content\/uploads\/2026\/01\/WhatsApp-Image-2026-01-26-at-15.34.24.jpeg","jetpack_shortlink":"https:\/\/wp.me\/p6RhLt-Cmx","jetpack_sharing_enabled":true,"_links":{"self":[{"href":"https:\/\/eldiariodesanpedro.com.ar\/sitio\/wp-json\/wp\/v2\/posts\/147469","targetHints":{"allow":["GET"]}}],"collection":[{"href":"https:\/\/eldiariodesanpedro.com.ar\/sitio\/wp-json\/wp\/v2\/posts"}],"about":[{"href":"https:\/\/eldiariodesanpedro.com.ar\/sitio\/wp-json\/wp\/v2\/types\/post"}],"author":[{"embeddable":true,"href":"https:\/\/eldiariodesanpedro.com.ar\/sitio\/wp-json\/wp\/v2\/users\/4"}],"replies":[{"embeddable":true,"href":"https:\/\/eldiariodesanpedro.com.ar\/sitio\/wp-json\/wp\/v2\/comments?post=147469"}],"version-history":[{"count":1,"href":"https:\/\/eldiariodesanpedro.com.ar\/sitio\/wp-json\/wp\/v2\/posts\/147469\/revisions"}],"predecessor-version":[{"id":147471,"href":"https:\/\/eldiariodesanpedro.com.ar\/sitio\/wp-json\/wp\/v2\/posts\/147469\/revisions\/147471"}],"wp:featuredmedia":[{"embeddable":true,"href":"https:\/\/eldiariodesanpedro.com.ar\/sitio\/wp-json\/wp\/v2\/media\/147470"}],"wp:attachment":[{"href":"https:\/\/eldiariodesanpedro.com.ar\/sitio\/wp-json\/wp\/v2\/media?parent=147469"}],"wp:term":[{"taxonomy":"category","embeddable":true,"href":"https:\/\/eldiariodesanpedro.com.ar\/sitio\/wp-json\/wp\/v2\/categories?post=147469"},{"taxonomy":"post_tag","embeddable":true,"href":"https:\/\/eldiariodesanpedro.com.ar\/sitio\/wp-json\/wp\/v2\/tags?post=147469"}],"curies":[{"name":"wp","href":"https:\/\/api.w.org\/{rel}","templated":true}]}}