{"id":14746,"date":"2017-02-15T20:46:27","date_gmt":"2017-02-15T23:46:27","guid":{"rendered":"https:\/\/eldiariodesanpedro.com.ar\/sitio\/?p=14746"},"modified":"2017-02-15T20:46:27","modified_gmt":"2017-02-15T23:46:27","slug":"esperan-la-designacion-de-un-subcomisario-para-hacerse-cargo-de-la-policia-local","status":"publish","type":"post","link":"https:\/\/eldiariodesanpedro.com.ar\/sitio\/esperan-la-designacion-de-un-subcomisario-para-hacerse-cargo-de-la-policia-local\/","title":{"rendered":"Esperan la designaci\u00f3n de un subcomisario para hacerse cargo de la Polic\u00eda Local"},"content":{"rendered":"<p><!-- VideographyWP Plugin Message: Automatic video embedding prevented by plugin options. --><br \/>\n\u201cEl Secretario de Seguridad Eduardo Roleri llev\u00f3 la propuesta personalmente al ministerio de seguridad con respecto a la designaci\u00f3n del subcomisario Adri\u00e1n Gonzalo Fern\u00e1ndez que actualmente cumple funciones de segundo jefe de la Polic\u00eda Local de Pilar\u201d, dijo el Director el Director de Coordinaci\u00f3n Policial, Juan Carlos Ag\u00fcero.<\/p>\n<p>En ese sentido agreg\u00f3: \u201cHa sido recomendado por personal de alta jerarqu\u00eda de la S\u00faper Intendencia y nosotros tambi\u00e9n hicimos las averiguaciones pertinentes con respecto a su carrera\u201d. Y sostuvo adem\u00e1s: \u201cEsperamos con los brazos abiertos que llegue la designaci\u00f3n y ya comience con la oficializaci\u00f3n de la polic\u00eda local\u201d.<\/p>\n<p>\u201cTodav\u00eda no sabemos la fecha, mientras r\u00e1pido sea, mejor\u201d, manifest\u00f3 el funcionario y agreg\u00f3 que con ello y \u201ccuando vuelvan los agentes de la Polic\u00eda Local que est\u00e1n en el Operativo Sol, comenzar\u00edamos con la diagramaci\u00f3n de los servicios, de las recorridas, con todo el personal\u201d.<\/p>\n","protected":false},"excerpt":{"rendered":"<p>\u201cEl Secretario de Seguridad Eduardo Roleri llev\u00f3 la propuesta personalmente al ministerio de seguridad con respecto a la designaci\u00f3n del subcomisario Adri\u00e1n Gonzalo Fern\u00e1ndez que actualmente cumple funciones de segundo jefe de la Polic\u00eda Local de Pilar\u201d, dijo el Director el Director de Coordinaci\u00f3n Policial, Juan Carlos Ag\u00fcero. En ese sentido agreg\u00f3: \u201cHa sido recomendado [&hellip;]<\/p>\n","protected":false},"author":4,"featured_media":14747,"comment_status":"open","ping_status":"closed","sticky":false,"template":"","format":"standard","meta":{"om_disable_all_campaigns":false,"_jetpack_memberships_contains_paid_content":false,"footnotes":""},"categories":[2,102],"tags":[],"class_list":["post-14746","post","type-post","status-publish","format-standard","has-post-thumbnail","hentry","category-locales","category-politica-locales"],"aioseo_notices":[],"gutentor_comment":0,"jetpack_featured_media_url":"https:\/\/eldiariodesanpedro.com.ar\/sitio\/wp-content\/uploads\/2017\/02\/policia-local-san-pedro.jpg","jetpack_shortlink":"https:\/\/wp.me\/p6RhLt-3PQ","jetpack_sharing_enabled":true,"_links":{"self":[{"href":"https:\/\/eldiariodesanpedro.com.ar\/sitio\/wp-json\/wp\/v2\/posts\/14746","targetHints":{"allow":["GET"]}}],"collection":[{"href":"https:\/\/eldiariodesanpedro.com.ar\/sitio\/wp-json\/wp\/v2\/posts"}],"about":[{"href":"https:\/\/eldiariodesanpedro.com.ar\/sitio\/wp-json\/wp\/v2\/types\/post"}],"author":[{"embeddable":true,"href":"https:\/\/eldiariodesanpedro.com.ar\/sitio\/wp-json\/wp\/v2\/users\/4"}],"replies":[{"embeddable":true,"href":"https:\/\/eldiariodesanpedro.com.ar\/sitio\/wp-json\/wp\/v2\/comments?post=14746"}],"version-history":[{"count":1,"href":"https:\/\/eldiariodesanpedro.com.ar\/sitio\/wp-json\/wp\/v2\/posts\/14746\/revisions"}],"predecessor-version":[{"id":14748,"href":"https:\/\/eldiariodesanpedro.com.ar\/sitio\/wp-json\/wp\/v2\/posts\/14746\/revisions\/14748"}],"wp:featuredmedia":[{"embeddable":true,"href":"https:\/\/eldiariodesanpedro.com.ar\/sitio\/wp-json\/wp\/v2\/media\/14747"}],"wp:attachment":[{"href":"https:\/\/eldiariodesanpedro.com.ar\/sitio\/wp-json\/wp\/v2\/media?parent=14746"}],"wp:term":[{"taxonomy":"category","embeddable":true,"href":"https:\/\/eldiariodesanpedro.com.ar\/sitio\/wp-json\/wp\/v2\/categories?post=14746"},{"taxonomy":"post_tag","embeddable":true,"href":"https:\/\/eldiariodesanpedro.com.ar\/sitio\/wp-json\/wp\/v2\/tags?post=14746"}],"curies":[{"name":"wp","href":"https:\/\/api.w.org\/{rel}","templated":true}]}}