{"id":147456,"date":"2026-01-26T14:23:43","date_gmt":"2026-01-26T17:23:43","guid":{"rendered":"https:\/\/eldiariodesanpedro.com.ar\/sitio\/?p=147456"},"modified":"2026-01-26T14:23:48","modified_gmt":"2026-01-26T17:23:48","slug":"aprehendieron-a-un-joven-de-23-anos-por-el-robo-de-una-motocicleta","status":"publish","type":"post","link":"https:\/\/eldiariodesanpedro.com.ar\/sitio\/aprehendieron-a-un-joven-de-23-anos-por-el-robo-de-una-motocicleta\/","title":{"rendered":"Aprehendieron a un joven de 23 a\u00f1os por el robo de una motocicleta"},"content":{"rendered":"<!-- VideographyWP Plugin Message: Automatic video embedding prevented by plugin options. -->\n\n<p>El sospechoso fue detenido tras un r\u00e1pido operativo policial y el rodado sustra\u00eddo fue recuperado y devuelto a su propietario.<\/p>\n\n\n\n<p>Personal policial <strong>aprehendi\u00f3 a un masculino de 23 a\u00f1os<\/strong> en el marco de un <strong>hecho de robo de motocicleta<\/strong>, ocurrido en la v\u00eda p\u00fablica. El procedimiento se concret\u00f3 durante la jornada de ayer, gracias a un <strong>r\u00e1pido accionar del personal de la dependencia<\/strong> que logr\u00f3 interceptar al sospechoso a pocos minutos del il\u00edcito.<\/p>\n\n\n\n<p>El operativo tuvo lugar en la intersecci\u00f3n de <strong>calles B. Sampedrinas y General Pueyrred\u00f3n<\/strong>, donde se procedi\u00f3 a la <strong>detenci\u00f3n del joven<\/strong> y al <strong>secuestro de una motocicleta marca Nevada, de color negro<\/strong>, que hab\u00eda sido sustra\u00edda momentos antes en las inmediaciones del <strong>paseo p\u00fablico municipal<\/strong>.<\/p>\n\n\n\n<p>Seg\u00fan se inform\u00f3, el rodado pertenece a un <strong>ciudadano de 41 a\u00f1os<\/strong>, quien fue notificado posteriormente de la recuperaci\u00f3n del veh\u00edculo. La <strong>Fiscal\u00eda local intervino en la causa<\/strong> y dispuso la <strong>notificaci\u00f3n legal del imputado<\/strong>, quien qued\u00f3 <strong>alojado en el sector de calabozos<\/strong>, a la espera de su <strong>primera remisi\u00f3n a sede fiscal<\/strong>.<\/p>\n\n\n\n<p>Asimismo, se orden\u00f3 la <strong>restituci\u00f3n de la motocicleta a su leg\u00edtimo propietario<\/strong>, mientras contin\u00faan las actuaciones judiciales correspondientes.<\/p>\n\n\n\n<p>#Policiales #RoboDeMotocicleta #Aprehendido #Seguridad #OperativoPolicial<\/p>\n","protected":false},"excerpt":{"rendered":"<p>El sospechoso fue detenido tras un r\u00e1pido operativo policial y el rodado sustra\u00eddo fue recuperado y devuelto a su propietario. Personal policial aprehendi\u00f3 a un masculino de 23 a\u00f1os en el marco de un hecho de robo de motocicleta, ocurrido en la v\u00eda p\u00fablica. El procedimiento se concret\u00f3 durante la jornada de ayer, gracias a [&hellip;]<\/p>\n","protected":false},"author":4,"featured_media":147457,"comment_status":"closed","ping_status":"closed","sticky":false,"template":"","format":"standard","meta":{"om_disable_all_campaigns":false,"_jetpack_memberships_contains_paid_content":false,"footnotes":""},"categories":[2,103],"tags":[5418,7982,8214,8471,4055,8470],"class_list":["post-147456","post","type-post","status-publish","format-standard","has-post-thumbnail","hentry","category-locales","category-policiales-locales","tag-fiscalia-local","tag-inseguridad-urbana","tag-masculino-aprehendido","tag-motocicleta-recuperada","tag-operativo-policial","tag-robo-de-moto"],"aioseo_notices":[],"gutentor_comment":0,"jetpack_featured_media_url":"https:\/\/eldiariodesanpedro.com.ar\/sitio\/wp-content\/uploads\/2026\/01\/medida-2-2.jpg","jetpack_shortlink":"https:\/\/wp.me\/p6RhLt-Cmk","jetpack_sharing_enabled":true,"_links":{"self":[{"href":"https:\/\/eldiariodesanpedro.com.ar\/sitio\/wp-json\/wp\/v2\/posts\/147456","targetHints":{"allow":["GET"]}}],"collection":[{"href":"https:\/\/eldiariodesanpedro.com.ar\/sitio\/wp-json\/wp\/v2\/posts"}],"about":[{"href":"https:\/\/eldiariodesanpedro.com.ar\/sitio\/wp-json\/wp\/v2\/types\/post"}],"author":[{"embeddable":true,"href":"https:\/\/eldiariodesanpedro.com.ar\/sitio\/wp-json\/wp\/v2\/users\/4"}],"replies":[{"embeddable":true,"href":"https:\/\/eldiariodesanpedro.com.ar\/sitio\/wp-json\/wp\/v2\/comments?post=147456"}],"version-history":[{"count":1,"href":"https:\/\/eldiariodesanpedro.com.ar\/sitio\/wp-json\/wp\/v2\/posts\/147456\/revisions"}],"predecessor-version":[{"id":147458,"href":"https:\/\/eldiariodesanpedro.com.ar\/sitio\/wp-json\/wp\/v2\/posts\/147456\/revisions\/147458"}],"wp:featuredmedia":[{"embeddable":true,"href":"https:\/\/eldiariodesanpedro.com.ar\/sitio\/wp-json\/wp\/v2\/media\/147457"}],"wp:attachment":[{"href":"https:\/\/eldiariodesanpedro.com.ar\/sitio\/wp-json\/wp\/v2\/media?parent=147456"}],"wp:term":[{"taxonomy":"category","embeddable":true,"href":"https:\/\/eldiariodesanpedro.com.ar\/sitio\/wp-json\/wp\/v2\/categories?post=147456"},{"taxonomy":"post_tag","embeddable":true,"href":"https:\/\/eldiariodesanpedro.com.ar\/sitio\/wp-json\/wp\/v2\/tags?post=147456"}],"curies":[{"name":"wp","href":"https:\/\/api.w.org\/{rel}","templated":true}]}}