{"id":147453,"date":"2026-01-26T14:12:46","date_gmt":"2026-01-26T17:12:46","guid":{"rendered":"https:\/\/eldiariodesanpedro.com.ar\/sitio\/?p=147453"},"modified":"2026-01-26T14:12:50","modified_gmt":"2026-01-26T17:12:50","slug":"un-joven-de-18-anos-fue-aprehendido-por-portar-un-arma-blanca-en-la-via-publica","status":"publish","type":"post","link":"https:\/\/eldiariodesanpedro.com.ar\/sitio\/un-joven-de-18-anos-fue-aprehendido-por-portar-un-arma-blanca-en-la-via-publica\/","title":{"rendered":"Un joven de 18 a\u00f1os fue aprehendido por portar un arma blanca en la v\u00eda p\u00fablica"},"content":{"rendered":"<!-- VideographyWP Plugin Message: Automatic video embedding prevented by plugin options. -->\n\n<p>El procedimiento se realiz\u00f3 durante la ma\u00f1ana en calle San Mart\u00edn, donde el sujeto alteraba el orden p\u00fablico. El Juzgado de Paz Local dispuso el secuestro del elemento y su posterior libertad.<\/p>\n\n\n\n<p>Personal policial aprehendi\u00f3 <strong>a un masculino de 18 a\u00f1os<\/strong> que <strong>portaba un arma blanca en la v\u00eda p\u00fablica<\/strong> y <strong>alteraba el orden p\u00fablico<\/strong>, durante un operativo realizado <strong>en horas de la ma\u00f1ana<\/strong> en <strong>calle San Mart\u00edn s\/n<\/strong>.<\/p>\n\n\n\n<p>Seg\u00fan se inform\u00f3, tras la intervenci\u00f3n policial <strong>se dio aviso al Juzgado de Paz Local<\/strong>, que <strong>dispuso la notificaci\u00f3n del joven, el secuestro del arma blanca y su posterior soltura<\/strong>, quedando la actuaci\u00f3n a disposici\u00f3n de la autoridad judicial competente.<\/p>\n\n\n\n<p>#Policiales #Seguridad #ArmaBlanca #Aprehensi\u00f3n #OrdenP\u00fablico<\/p>\n","protected":false},"excerpt":{"rendered":"<p>El procedimiento se realiz\u00f3 durante la ma\u00f1ana en calle San Mart\u00edn, donde el sujeto alteraba el orden p\u00fablico. El Juzgado de Paz Local dispuso el secuestro del elemento y su posterior libertad. Personal policial aprehendi\u00f3 a un masculino de 18 a\u00f1os que portaba un arma blanca en la v\u00eda p\u00fablica y alteraba el orden p\u00fablico, [&hellip;]<\/p>\n","protected":false},"author":4,"featured_media":147454,"comment_status":"closed","ping_status":"closed","sticky":false,"template":"","format":"standard","meta":{"om_disable_all_campaigns":false,"_jetpack_memberships_contains_paid_content":false,"footnotes":""},"categories":[2,103],"tags":[8469,1744,4055,8468,3584],"class_list":["post-147453","post","type-post","status-publish","format-standard","has-post-thumbnail","hentry","category-locales","category-policiales-locales","tag-aprehendido-arma-blanca","tag-juzgado-de-paz","tag-operativo-policial","tag-portacion-de-arma-blanca","tag-seguridad-ciudadana"],"aioseo_notices":[],"gutentor_comment":0,"jetpack_featured_media_url":"https:\/\/eldiariodesanpedro.com.ar\/sitio\/wp-content\/uploads\/2026\/01\/medida-2-1.jpg","jetpack_shortlink":"https:\/\/wp.me\/p6RhLt-Cmh","jetpack_sharing_enabled":true,"_links":{"self":[{"href":"https:\/\/eldiariodesanpedro.com.ar\/sitio\/wp-json\/wp\/v2\/posts\/147453","targetHints":{"allow":["GET"]}}],"collection":[{"href":"https:\/\/eldiariodesanpedro.com.ar\/sitio\/wp-json\/wp\/v2\/posts"}],"about":[{"href":"https:\/\/eldiariodesanpedro.com.ar\/sitio\/wp-json\/wp\/v2\/types\/post"}],"author":[{"embeddable":true,"href":"https:\/\/eldiariodesanpedro.com.ar\/sitio\/wp-json\/wp\/v2\/users\/4"}],"replies":[{"embeddable":true,"href":"https:\/\/eldiariodesanpedro.com.ar\/sitio\/wp-json\/wp\/v2\/comments?post=147453"}],"version-history":[{"count":1,"href":"https:\/\/eldiariodesanpedro.com.ar\/sitio\/wp-json\/wp\/v2\/posts\/147453\/revisions"}],"predecessor-version":[{"id":147455,"href":"https:\/\/eldiariodesanpedro.com.ar\/sitio\/wp-json\/wp\/v2\/posts\/147453\/revisions\/147455"}],"wp:featuredmedia":[{"embeddable":true,"href":"https:\/\/eldiariodesanpedro.com.ar\/sitio\/wp-json\/wp\/v2\/media\/147454"}],"wp:attachment":[{"href":"https:\/\/eldiariodesanpedro.com.ar\/sitio\/wp-json\/wp\/v2\/media?parent=147453"}],"wp:term":[{"taxonomy":"category","embeddable":true,"href":"https:\/\/eldiariodesanpedro.com.ar\/sitio\/wp-json\/wp\/v2\/categories?post=147453"},{"taxonomy":"post_tag","embeddable":true,"href":"https:\/\/eldiariodesanpedro.com.ar\/sitio\/wp-json\/wp\/v2\/tags?post=147453"}],"curies":[{"name":"wp","href":"https:\/\/api.w.org\/{rel}","templated":true}]}}