{"id":147451,"date":"2026-01-26T11:51:52","date_gmt":"2026-01-26T14:51:52","guid":{"rendered":"https:\/\/eldiariodesanpedro.com.ar\/sitio\/?p=147451"},"modified":"2026-01-26T11:51:56","modified_gmt":"2026-01-26T14:51:56","slug":"fallecio-jorge-eduardo-rossi-tenia-78-anos","status":"publish","type":"post","link":"https:\/\/eldiariodesanpedro.com.ar\/sitio\/fallecio-jorge-eduardo-rossi-tenia-78-anos\/","title":{"rendered":"Falleci\u00f3 Jorge Eduardo Rossi, ten\u00eda 78 a\u00f1os"},"content":{"rendered":"<!-- VideographyWP Plugin Message: Automatic video embedding prevented by plugin options. -->\n\n<p>El vecino de <strong>78 a\u00f1os<\/strong> falleci\u00f3 este lunes. Sus restos son velados en la <strong>Sala N\u00b0 3 de Coopter Servicios Sociales<\/strong> y el servicio se extender\u00e1 hasta el <strong>mediod\u00eda del 26 de enero<\/strong>.<\/p>\n\n\n\n<p>La comunidad despide a <strong>Jorge Eduardo Rossi<\/strong>, quien <strong>falleci\u00f3 a los 78 a\u00f1os<\/strong>.<br>Sus restos son <strong>velados en la Sala N\u00b0 3<\/strong>, ubicada en <strong>3 de Febrero 1475<\/strong>, bajo la organizaci\u00f3n de <strong>Coopter Servicios Sociales<\/strong>.<\/p>\n\n\n\n<p>El <strong>servicio velatorio se realizar\u00e1 hasta las 12:00 horas del lunes 26 de enero de 2026<\/strong>, momento en el que familiares y allegados podr\u00e1n darle el \u00faltimo adi\u00f3s.<\/p>\n\n\n\n<p>#Fallecimiento #Necrol\u00f3gica #Despedida #JorgeEduardoRossi #ServiciosSociales<\/p>\n","protected":false},"excerpt":{"rendered":"<p>El vecino de 78 a\u00f1os falleci\u00f3 este lunes. Sus restos son velados en la Sala N\u00b0 3 de Coopter Servicios Sociales y el servicio se extender\u00e1 hasta el mediod\u00eda del 26 de enero. La comunidad despide a Jorge Eduardo Rossi, quien falleci\u00f3 a los 78 a\u00f1os.Sus restos son velados en la Sala N\u00b0 3, ubicada [&hellip;]<\/p>\n","protected":false},"author":4,"featured_media":113757,"comment_status":"closed","ping_status":"closed","sticky":false,"template":"","format":"standard","meta":{"om_disable_all_campaigns":false,"_jetpack_memberships_contains_paid_content":false,"footnotes":""},"categories":[8424],"tags":[8467,8466,7701,7964],"class_list":["post-147451","post","type-post","status-publish","format-standard","has-post-thumbnail","hentry","category-necrologicas","tag-fallecimiento-78-anos","tag-fallecio-jorge-eduardo-rossi","tag-necrologica-san-pedro","tag-velatorio-coopter"],"aioseo_notices":[],"gutentor_comment":0,"jetpack_featured_media_url":"https:\/\/eldiariodesanpedro.com.ar\/sitio\/wp-content\/uploads\/2023\/01\/necrologicas.jpg","jetpack_shortlink":"https:\/\/wp.me\/p6RhLt-Cmf","jetpack_sharing_enabled":true,"_links":{"self":[{"href":"https:\/\/eldiariodesanpedro.com.ar\/sitio\/wp-json\/wp\/v2\/posts\/147451","targetHints":{"allow":["GET"]}}],"collection":[{"href":"https:\/\/eldiariodesanpedro.com.ar\/sitio\/wp-json\/wp\/v2\/posts"}],"about":[{"href":"https:\/\/eldiariodesanpedro.com.ar\/sitio\/wp-json\/wp\/v2\/types\/post"}],"author":[{"embeddable":true,"href":"https:\/\/eldiariodesanpedro.com.ar\/sitio\/wp-json\/wp\/v2\/users\/4"}],"replies":[{"embeddable":true,"href":"https:\/\/eldiariodesanpedro.com.ar\/sitio\/wp-json\/wp\/v2\/comments?post=147451"}],"version-history":[{"count":1,"href":"https:\/\/eldiariodesanpedro.com.ar\/sitio\/wp-json\/wp\/v2\/posts\/147451\/revisions"}],"predecessor-version":[{"id":147452,"href":"https:\/\/eldiariodesanpedro.com.ar\/sitio\/wp-json\/wp\/v2\/posts\/147451\/revisions\/147452"}],"wp:featuredmedia":[{"embeddable":true,"href":"https:\/\/eldiariodesanpedro.com.ar\/sitio\/wp-json\/wp\/v2\/media\/113757"}],"wp:attachment":[{"href":"https:\/\/eldiariodesanpedro.com.ar\/sitio\/wp-json\/wp\/v2\/media?parent=147451"}],"wp:term":[{"taxonomy":"category","embeddable":true,"href":"https:\/\/eldiariodesanpedro.com.ar\/sitio\/wp-json\/wp\/v2\/categories?post=147451"},{"taxonomy":"post_tag","embeddable":true,"href":"https:\/\/eldiariodesanpedro.com.ar\/sitio\/wp-json\/wp\/v2\/tags?post=147451"}],"curies":[{"name":"wp","href":"https:\/\/api.w.org\/{rel}","templated":true}]}}