{"id":147449,"date":"2026-01-26T11:19:20","date_gmt":"2026-01-26T14:19:20","guid":{"rendered":"https:\/\/eldiariodesanpedro.com.ar\/sitio\/?p=147449"},"modified":"2026-01-26T11:19:28","modified_gmt":"2026-01-26T14:19:28","slug":"edicto-de-transferencia-del-comercio-grido-de-baradero","status":"publish","type":"post","link":"https:\/\/eldiariodesanpedro.com.ar\/sitio\/edicto-de-transferencia-del-comercio-grido-de-baradero\/","title":{"rendered":"Edicto de Transferencia del comercio Grido de Baradero"},"content":{"rendered":"<!-- VideographyWP Plugin Message: Automatic video embedding prevented by plugin options. -->\n\n<p>Seg\u00fan lo solicitado por el municipio de Baradero, se informa la transferencia de la habilitaci\u00f3n N\u00ba 4808. En Baradero, provincia de Buenos Aires, al 2 del mes de febrero de 2026. Se hace saber que entre Sr. Juan Carlos Ben\u00edtez, CUIT 20-20345964-6, en su car\u00e1cter de franquiciado de Grido, SE TRANSFIERE A FAVOR de la Sra. Viviana Lujan Boettner, CUIT 23-23065708-4 , la franquicia de Grido sita en San Mart\u00edn N\u00ba1191 de Baradero Provincia de Buenos Aires.<\/p>\n\n\n\n<p>(Publicaci\u00f3n v\u00e1lida para los d\u00edas 26, 27 y 28 de enero de 2026)<\/p>\n","protected":false},"excerpt":{"rendered":"<p>Seg\u00fan lo solicitado por el municipio de Baradero, se informa la transferencia de la habilitaci\u00f3n N\u00ba 4808. En Baradero, provincia de Buenos Aires, al 2 del mes de febrero de 2026. Se hace saber que entre Sr. Juan Carlos Ben\u00edtez, CUIT 20-20345964-6, en su car\u00e1cter de franquiciado de Grido, SE TRANSFIERE A FAVOR de la [&hellip;]<\/p>\n","protected":false},"author":4,"featured_media":102746,"comment_status":"closed","ping_status":"closed","sticky":false,"template":"","format":"standard","meta":{"om_disable_all_campaigns":false,"_jetpack_memberships_contains_paid_content":false,"footnotes":""},"categories":[676,1124],"tags":[139,2082,8465],"class_list":["post-147449","post","type-post","status-publish","format-standard","has-post-thumbnail","hentry","category-edictos","category-edictos-especiales","tag-baradero","tag-edicto-de-transferencia","tag-grido"],"aioseo_notices":[],"gutentor_comment":0,"jetpack_featured_media_url":"https:\/\/eldiariodesanpedro.com.ar\/sitio\/wp-content\/uploads\/2022\/01\/EDICTO.jpg","jetpack_shortlink":"https:\/\/wp.me\/p6RhLt-Cmd","jetpack_sharing_enabled":true,"_links":{"self":[{"href":"https:\/\/eldiariodesanpedro.com.ar\/sitio\/wp-json\/wp\/v2\/posts\/147449","targetHints":{"allow":["GET"]}}],"collection":[{"href":"https:\/\/eldiariodesanpedro.com.ar\/sitio\/wp-json\/wp\/v2\/posts"}],"about":[{"href":"https:\/\/eldiariodesanpedro.com.ar\/sitio\/wp-json\/wp\/v2\/types\/post"}],"author":[{"embeddable":true,"href":"https:\/\/eldiariodesanpedro.com.ar\/sitio\/wp-json\/wp\/v2\/users\/4"}],"replies":[{"embeddable":true,"href":"https:\/\/eldiariodesanpedro.com.ar\/sitio\/wp-json\/wp\/v2\/comments?post=147449"}],"version-history":[{"count":1,"href":"https:\/\/eldiariodesanpedro.com.ar\/sitio\/wp-json\/wp\/v2\/posts\/147449\/revisions"}],"predecessor-version":[{"id":147450,"href":"https:\/\/eldiariodesanpedro.com.ar\/sitio\/wp-json\/wp\/v2\/posts\/147449\/revisions\/147450"}],"wp:featuredmedia":[{"embeddable":true,"href":"https:\/\/eldiariodesanpedro.com.ar\/sitio\/wp-json\/wp\/v2\/media\/102746"}],"wp:attachment":[{"href":"https:\/\/eldiariodesanpedro.com.ar\/sitio\/wp-json\/wp\/v2\/media?parent=147449"}],"wp:term":[{"taxonomy":"category","embeddable":true,"href":"https:\/\/eldiariodesanpedro.com.ar\/sitio\/wp-json\/wp\/v2\/categories?post=147449"},{"taxonomy":"post_tag","embeddable":true,"href":"https:\/\/eldiariodesanpedro.com.ar\/sitio\/wp-json\/wp\/v2\/tags?post=147449"}],"curies":[{"name":"wp","href":"https:\/\/api.w.org\/{rel}","templated":true}]}}