{"id":14743,"date":"2017-02-15T20:44:59","date_gmt":"2017-02-15T23:44:59","guid":{"rendered":"https:\/\/eldiariodesanpedro.com.ar\/sitio\/?p=14743"},"modified":"2017-02-15T20:44:59","modified_gmt":"2017-02-15T23:44:59","slug":"la-pareja-de-motochorros-capturada-la-semana-pasada-ya-esta-en-libertad","status":"publish","type":"post","link":"https:\/\/eldiariodesanpedro.com.ar\/sitio\/la-pareja-de-motochorros-capturada-la-semana-pasada-ya-esta-en-libertad\/","title":{"rendered":"La pareja de motochorros capturada la semana pasada, ya est\u00e1 en libertad"},"content":{"rendered":"<p><!-- VideographyWP Plugin Message: Automatic video embedding prevented by plugin options. --><br \/>\nSe trata del sujeto de 24 a\u00f1os que el mi\u00e9rcoles de la semana anterior fue capturado por la polic\u00eda con pruebas contundentes sobre la autor\u00eda de varios hechos delictivos protagonizados junto a una mujer de 23 a\u00f1os, la que fue liberadas a las horas. Ambos se encargaban de robar a personas en la v\u00eda p\u00fablica bajo la modalidad denominada \u201cmotochorro\u201d.<\/p>\n<p>Tras recuperar r\u00e1pidamente su libertad, el s\u00e1bado pasado, efectivos policiales lo volvieron a aprender en un allanamiento en el marco de una causa investigada por la UFI N\u00ba5 por \u201cabuso de armas\u201d. El procedimiento se llev\u00f3 a cabo en una vivienda de Manuel Iglesias al 1100, donde no se encontr\u00f3 el arma que era buscada pero se hallaron  34 envoltorios que conten\u00edan coca\u00edna (con un pesaje total 27 grs.), lista para ser comercializada. En esa oportunidad se detuvo a dos hermanos. Uno de ellos por infracci\u00f3n a la Ley 23737, que sanciona la Tenencia y tr\u00e1fico de estupefacientes y el otro por intentar agredir f\u00edsicamente al personal policial, arrojando a su vez piedras sobre los uniformados. Este \u00faltimo es la persona que hab\u00eda sido apresada por reiterados il\u00edcitos.<\/p>\n<p>En ese marco, el Fiscal Marcelo Manso, titular de la Fiscal\u00eda N\u00ba 5 pidi\u00f3 su detenci\u00f3n a la Jueza de Garant\u00edas que entiende en la causa, la Dra. Mar\u00eda Eugenia Maiztegui, por acumulaci\u00f3n de causas delictivas. Sin embargo la magistrada consider\u00f3 que deb\u00eda recuperar la libertad.<\/p>\n","protected":false},"excerpt":{"rendered":"<p>Se trata del sujeto de 24 a\u00f1os que el mi\u00e9rcoles de la semana anterior fue capturado por la polic\u00eda con pruebas contundentes sobre la autor\u00eda de varios hechos delictivos protagonizados junto a una mujer de 23 a\u00f1os, la que fue liberadas a las horas. Ambos se encargaban de robar a personas en la v\u00eda p\u00fablica [&hellip;]<\/p>\n","protected":false},"author":4,"featured_media":14744,"comment_status":"open","ping_status":"closed","sticky":false,"template":"","format":"standard","meta":{"om_disable_all_campaigns":false,"_jetpack_memberships_contains_paid_content":false,"footnotes":""},"categories":[50,2,103],"tags":[],"class_list":["post-14743","post","type-post","status-publish","format-standard","has-post-thumbnail","hentry","category-destacadas","category-locales","category-policiales-locales"],"aioseo_notices":[],"gutentor_comment":0,"jetpack_featured_media_url":"https:\/\/eldiariodesanpedro.com.ar\/sitio\/wp-content\/uploads\/2017\/02\/El-hombre-y-la-mujer-que-fueron-aprehendidos-la-semana-pasada.jpg","jetpack_shortlink":"https:\/\/wp.me\/p6RhLt-3PN","jetpack_sharing_enabled":true,"_links":{"self":[{"href":"https:\/\/eldiariodesanpedro.com.ar\/sitio\/wp-json\/wp\/v2\/posts\/14743","targetHints":{"allow":["GET"]}}],"collection":[{"href":"https:\/\/eldiariodesanpedro.com.ar\/sitio\/wp-json\/wp\/v2\/posts"}],"about":[{"href":"https:\/\/eldiariodesanpedro.com.ar\/sitio\/wp-json\/wp\/v2\/types\/post"}],"author":[{"embeddable":true,"href":"https:\/\/eldiariodesanpedro.com.ar\/sitio\/wp-json\/wp\/v2\/users\/4"}],"replies":[{"embeddable":true,"href":"https:\/\/eldiariodesanpedro.com.ar\/sitio\/wp-json\/wp\/v2\/comments?post=14743"}],"version-history":[{"count":1,"href":"https:\/\/eldiariodesanpedro.com.ar\/sitio\/wp-json\/wp\/v2\/posts\/14743\/revisions"}],"predecessor-version":[{"id":14745,"href":"https:\/\/eldiariodesanpedro.com.ar\/sitio\/wp-json\/wp\/v2\/posts\/14743\/revisions\/14745"}],"wp:featuredmedia":[{"embeddable":true,"href":"https:\/\/eldiariodesanpedro.com.ar\/sitio\/wp-json\/wp\/v2\/media\/14744"}],"wp:attachment":[{"href":"https:\/\/eldiariodesanpedro.com.ar\/sitio\/wp-json\/wp\/v2\/media?parent=14743"}],"wp:term":[{"taxonomy":"category","embeddable":true,"href":"https:\/\/eldiariodesanpedro.com.ar\/sitio\/wp-json\/wp\/v2\/categories?post=14743"},{"taxonomy":"post_tag","embeddable":true,"href":"https:\/\/eldiariodesanpedro.com.ar\/sitio\/wp-json\/wp\/v2\/tags?post=14743"}],"curies":[{"name":"wp","href":"https:\/\/api.w.org\/{rel}","templated":true}]}}