{"id":147411,"date":"2026-01-24T12:40:15","date_gmt":"2026-01-24T15:40:15","guid":{"rendered":"https:\/\/eldiariodesanpedro.com.ar\/sitio\/?p=147411"},"modified":"2026-01-24T12:40:19","modified_gmt":"2026-01-24T15:40:19","slug":"aprehendido-con-una-motocicleta-con-pedido-de-secuestro-activo","status":"publish","type":"post","link":"https:\/\/eldiariodesanpedro.com.ar\/sitio\/aprehendido-con-una-motocicleta-con-pedido-de-secuestro-activo\/","title":{"rendered":"Aprehendido con una motocicleta con pedido de secuestro activo"},"content":{"rendered":"<!-- VideographyWP Plugin Message: Automatic video embedding prevented by plugin options. -->\n\n<p>Un operativo nocturno permiti\u00f3 identificar un rodado con requerimiento judicial vigente y deriv\u00f3 en la aprehensi\u00f3n de un hombre de 27 a\u00f1os, puesto a disposici\u00f3n de la Justicia.<\/p>\n\n\n\n<p>En la noche de ayer, <strong>personal policial de la UTOI<\/strong>, que se encuentra reforzando las tareas de seguridad en la ciudad, <strong>procedi\u00f3 a la aprehensi\u00f3n de un hombre de 27 a\u00f1os<\/strong> durante un control realizado en la intersecci\u00f3n de <strong>Juan de Garay y Bottaro<\/strong>.<\/p>\n\n\n\n<p>Seg\u00fan se inform\u00f3 oficialmente, el individuo <strong>circulaba a bordo de una motocicleta que registraba un pedido de secuestro activo<\/strong> desde <strong>enero de 2025<\/strong>, vinculado a una causa por <strong>hurto automotor<\/strong>. Al constatar la situaci\u00f3n del rodado mediante el sistema correspondiente, los efectivos avanzaron con el procedimiento.<\/p>\n\n\n\n<p>Como consecuencia, <strong>el masculino fue trasladado a la dependencia policial<\/strong>, donde qued\u00f3 <strong>imputado por el delito de encubrimiento<\/strong> y <strong>puesto a disposici\u00f3n de la Justicia<\/strong>, que continuar\u00e1 con las actuaciones de rigor para determinar su situaci\u00f3n procesal.<\/p>\n\n\n\n<p>#Policiales #Aprehensi\u00f3n #UTOI #HurtoAutomotor #Seguridad #OperativoPolicial<\/p>\n","protected":false},"excerpt":{"rendered":"<p>Un operativo nocturno permiti\u00f3 identificar un rodado con requerimiento judicial vigente y deriv\u00f3 en la aprehensi\u00f3n de un hombre de 27 a\u00f1os, puesto a disposici\u00f3n de la Justicia. En la noche de ayer, personal policial de la UTOI, que se encuentra reforzando las tareas de seguridad en la ciudad, procedi\u00f3 a la aprehensi\u00f3n de un [&hellip;]<\/p>\n","protected":false},"author":4,"featured_media":147412,"comment_status":"closed","ping_status":"closed","sticky":false,"template":"","format":"standard","meta":{"om_disable_all_campaigns":false,"_jetpack_memberships_contains_paid_content":false,"footnotes":""},"categories":[2,103],"tags":[845,4024,5831,5399,4055,5121,5674],"class_list":["post-147411","post","type-post","status-publish","format-standard","has-post-thumbnail","hentry","category-locales","category-policiales-locales","tag-aprehendido","tag-control-vehicular","tag-encubrimiento","tag-motocicleta-robada","tag-operativo-policial","tag-pedido-de-secuestro-activo","tag-utoi"],"aioseo_notices":[],"gutentor_comment":0,"jetpack_featured_media_url":"https:\/\/eldiariodesanpedro.com.ar\/sitio\/wp-content\/uploads\/2026\/01\/medida-1-11.jpg","jetpack_shortlink":"https:\/\/wp.me\/p6RhLt-ClB","jetpack_sharing_enabled":true,"_links":{"self":[{"href":"https:\/\/eldiariodesanpedro.com.ar\/sitio\/wp-json\/wp\/v2\/posts\/147411","targetHints":{"allow":["GET"]}}],"collection":[{"href":"https:\/\/eldiariodesanpedro.com.ar\/sitio\/wp-json\/wp\/v2\/posts"}],"about":[{"href":"https:\/\/eldiariodesanpedro.com.ar\/sitio\/wp-json\/wp\/v2\/types\/post"}],"author":[{"embeddable":true,"href":"https:\/\/eldiariodesanpedro.com.ar\/sitio\/wp-json\/wp\/v2\/users\/4"}],"replies":[{"embeddable":true,"href":"https:\/\/eldiariodesanpedro.com.ar\/sitio\/wp-json\/wp\/v2\/comments?post=147411"}],"version-history":[{"count":1,"href":"https:\/\/eldiariodesanpedro.com.ar\/sitio\/wp-json\/wp\/v2\/posts\/147411\/revisions"}],"predecessor-version":[{"id":147413,"href":"https:\/\/eldiariodesanpedro.com.ar\/sitio\/wp-json\/wp\/v2\/posts\/147411\/revisions\/147413"}],"wp:featuredmedia":[{"embeddable":true,"href":"https:\/\/eldiariodesanpedro.com.ar\/sitio\/wp-json\/wp\/v2\/media\/147412"}],"wp:attachment":[{"href":"https:\/\/eldiariodesanpedro.com.ar\/sitio\/wp-json\/wp\/v2\/media?parent=147411"}],"wp:term":[{"taxonomy":"category","embeddable":true,"href":"https:\/\/eldiariodesanpedro.com.ar\/sitio\/wp-json\/wp\/v2\/categories?post=147411"},{"taxonomy":"post_tag","embeddable":true,"href":"https:\/\/eldiariodesanpedro.com.ar\/sitio\/wp-json\/wp\/v2\/tags?post=147411"}],"curies":[{"name":"wp","href":"https:\/\/api.w.org\/{rel}","templated":true}]}}