{"id":14741,"date":"2017-02-15T20:42:55","date_gmt":"2017-02-15T23:42:55","guid":{"rendered":"https:\/\/eldiariodesanpedro.com.ar\/sitio\/?p=14741"},"modified":"2017-02-15T20:42:55","modified_gmt":"2017-02-15T23:42:55","slug":"alejandro-negrete-presenta-su-libro-de-cuentos","status":"publish","type":"post","link":"https:\/\/eldiariodesanpedro.com.ar\/sitio\/alejandro-negrete-presenta-su-libro-de-cuentos\/","title":{"rendered":"Alejandro Negrete presenta su libro de cuentos"},"content":{"rendered":"<p><!-- VideographyWP Plugin Message: Automatic video embedding prevented by plugin options. --><br \/>\nEste domingo 19 de febrero, a las 20, se presenta en las instalaciones de la Biblioteca Popular Rafael Obligado de nuestra ciudad, el primer  libro de cuentos de Alejandro Negrete: \u00abY un d\u00eda se hace la luz\u00bb.<\/p>\n<p>Se trata de ocho historias con pr\u00f3logos de Rom\u00e1n Solsona, quien expres\u00f3: \u00abUn cuento, como la literatura en general, o m\u00e1s bien el arte -con la precauci\u00f3n necesaria-, no puede ser otra cosa que una condici\u00f3n humana frente a lo que pasa. Y si, a prop\u00f3sito, quien escribe es un trabajador, un pibe que tiene la mirada llena de barrio y de futuro, sucede irremediablemente: no hay escape\u00bb.<\/p>\n<p>En tanto que Patricio Chaija sostuvo: \u00abSon relatos cortos perfectos para leer en una juntada de noche, con las luces apagadas, apenas ayud\u00e1ndose el lector con la luz de una linterna\u00bb.<\/p>\n","protected":false},"excerpt":{"rendered":"<p>Este domingo 19 de febrero, a las 20, se presenta en las instalaciones de la Biblioteca Popular Rafael Obligado de nuestra ciudad, el primer libro de cuentos de Alejandro Negrete: \u00abY un d\u00eda se hace la luz\u00bb. Se trata de ocho historias con pr\u00f3logos de Rom\u00e1n Solsona, quien expres\u00f3: \u00abUn cuento, como la literatura en [&hellip;]<\/p>\n","protected":false},"author":4,"featured_media":10256,"comment_status":"open","ping_status":"closed","sticky":false,"template":"","format":"standard","meta":{"om_disable_all_campaigns":false,"_jetpack_memberships_contains_paid_content":false,"footnotes":""},"categories":[101,2],"tags":[],"class_list":["post-14741","post","type-post","status-publish","format-standard","has-post-thumbnail","hentry","category-interes-general-locales","category-locales"],"aioseo_notices":[],"gutentor_comment":0,"jetpack_featured_media_url":"https:\/\/eldiariodesanpedro.com.ar\/sitio\/wp-content\/uploads\/2016\/11\/Biblioteca-Popular-Rafael-Obligado.jpg","jetpack_shortlink":"https:\/\/wp.me\/p6RhLt-3PL","jetpack_sharing_enabled":true,"_links":{"self":[{"href":"https:\/\/eldiariodesanpedro.com.ar\/sitio\/wp-json\/wp\/v2\/posts\/14741","targetHints":{"allow":["GET"]}}],"collection":[{"href":"https:\/\/eldiariodesanpedro.com.ar\/sitio\/wp-json\/wp\/v2\/posts"}],"about":[{"href":"https:\/\/eldiariodesanpedro.com.ar\/sitio\/wp-json\/wp\/v2\/types\/post"}],"author":[{"embeddable":true,"href":"https:\/\/eldiariodesanpedro.com.ar\/sitio\/wp-json\/wp\/v2\/users\/4"}],"replies":[{"embeddable":true,"href":"https:\/\/eldiariodesanpedro.com.ar\/sitio\/wp-json\/wp\/v2\/comments?post=14741"}],"version-history":[{"count":1,"href":"https:\/\/eldiariodesanpedro.com.ar\/sitio\/wp-json\/wp\/v2\/posts\/14741\/revisions"}],"predecessor-version":[{"id":14742,"href":"https:\/\/eldiariodesanpedro.com.ar\/sitio\/wp-json\/wp\/v2\/posts\/14741\/revisions\/14742"}],"wp:featuredmedia":[{"embeddable":true,"href":"https:\/\/eldiariodesanpedro.com.ar\/sitio\/wp-json\/wp\/v2\/media\/10256"}],"wp:attachment":[{"href":"https:\/\/eldiariodesanpedro.com.ar\/sitio\/wp-json\/wp\/v2\/media?parent=14741"}],"wp:term":[{"taxonomy":"category","embeddable":true,"href":"https:\/\/eldiariodesanpedro.com.ar\/sitio\/wp-json\/wp\/v2\/categories?post=14741"},{"taxonomy":"post_tag","embeddable":true,"href":"https:\/\/eldiariodesanpedro.com.ar\/sitio\/wp-json\/wp\/v2\/tags?post=14741"}],"curies":[{"name":"wp","href":"https:\/\/api.w.org\/{rel}","templated":true}]}}