{"id":147404,"date":"2026-01-24T12:26:44","date_gmt":"2026-01-24T15:26:44","guid":{"rendered":"https:\/\/eldiariodesanpedro.com.ar\/sitio\/?p=147404"},"modified":"2026-01-24T12:26:50","modified_gmt":"2026-01-24T15:26:50","slug":"accidente-de-transito-en-avenida-sarmiento-una-motociclista-resulto-herida-y-se-detecto-una-irregularidad-registral","status":"publish","type":"post","link":"https:\/\/eldiariodesanpedro.com.ar\/sitio\/accidente-de-transito-en-avenida-sarmiento-una-motociclista-resulto-herida-y-se-detecto-una-irregularidad-registral\/","title":{"rendered":"Accidente de tr\u00e1nsito en avenida Sarmiento: una motociclista result\u00f3 herida y se detect\u00f3 una irregularidad registral"},"content":{"rendered":"<!-- VideographyWP Plugin Message: Automatic video embedding prevented by plugin options. -->\n\n<p>Una colisi\u00f3n entre un veh\u00edculo de reparto y una motocicleta dej\u00f3 a una mujer con <strong>lesiones leves<\/strong> y deriv\u00f3 en una <strong>causa penal<\/strong> por una irregularidad en la numeraci\u00f3n del motor.<\/p>\n\n\n\n<p>En la tarde de ayer, personal policial acudi\u00f3 a la intersecci\u00f3n de <strong>Doctor Rojas y avenida Sarmiento<\/strong> tras una alerta del <strong>servicio de emergencias 911<\/strong>. Por <strong>causas que se tratan de establecer<\/strong>, en el lugar <strong>colisionaron un veh\u00edculo de reparto y una motocicleta<\/strong>.<\/p>\n\n\n\n<p>El rodado de reparto era conducido por un <strong>hombre de 43 a\u00f1os<\/strong>, quien <strong>result\u00f3 ileso<\/strong>. En tanto, la motocicleta era guiada por una <strong>mujer de 26 a\u00f1os<\/strong>, que <strong>fue trasladada al nosocomio local<\/strong> con <strong>lesiones de car\u00e1cter leve<\/strong> para su evaluaci\u00f3n y atenci\u00f3n m\u00e9dica.<\/p>\n\n\n\n<p>Durante las actuaciones, los efectivos <strong>constataron una irregularidad en la numeraci\u00f3n registral del motor de la motocicleta<\/strong>, presentando <strong>algunos d\u00edgitos adulterados<\/strong>. Ante esta situaci\u00f3n, la conductora <strong>fue notificada de la formaci\u00f3n de una causa penal<\/strong> por el delito de <strong>falsificaci\u00f3n, alteraci\u00f3n o supresi\u00f3n de la numeraci\u00f3n de un objeto registrable<\/strong>, tipificado en el <strong>art\u00edculo 289 del C\u00f3digo Penal<\/strong>.<\/p>\n\n\n\n<p>Las actuaciones quedaron a disposici\u00f3n de la <strong>UFI 7<\/strong> en turno, que continuar\u00e1 con la investigaci\u00f3n correspondiente.<\/p>\n\n\n\n<p>#AccidenteDeTransito #AvenidaSarmiento #LesionesLeves #Policiales #Investigacion #UFI7<\/p>\n\n\n\n<div class=\"wp-block-jetpack-slideshow aligncenter\" data-effect=\"slide\" style=\"--aspect-ratio:calc(545 \/ 391)\"><div class=\"wp-block-jetpack-slideshow_container swiper\"><ul class=\"wp-block-jetpack-slideshow_swiper-wrapper swiper-wrapper\"><li class=\"wp-block-jetpack-slideshow_slide swiper-slide\"><figure><img decoding=\"async\" width=\"545\" height=\"391\" alt=\"\" class=\"wp-block-jetpack-slideshow_image wp-image-147407 lazyload\" data-id=\"147407\" data-aspect-ratio=\"545 \/ 391\" data-src=\"https:\/\/eldiariodesanpedro.com.ar\/sitio\/wp-content\/uploads\/2026\/01\/1-4.jpg\" data-srcset=\"https:\/\/eldiariodesanpedro.com.ar\/sitio\/wp-content\/uploads\/2026\/01\/1-4.jpg 545w, https:\/\/eldiariodesanpedro.com.ar\/sitio\/wp-content\/uploads\/2026\/01\/1-4-300x215.jpg 300w\" data-sizes=\"(max-width: 545px) 100vw, 545px\" src=\"data:image\/svg+xml;base64,PHN2ZyB3aWR0aD0iMSIgaGVpZ2h0PSIxIiB4bWxucz0iaHR0cDovL3d3dy53My5vcmcvMjAwMC9zdmciPjwvc3ZnPg==\" style=\"--smush-placeholder-width: 545px; --smush-placeholder-aspect-ratio: 545\/391;\" \/><\/figure><\/li><li class=\"wp-block-jetpack-slideshow_slide swiper-slide\"><figure><img decoding=\"async\" width=\"1024\" height=\"576\" alt=\"\" class=\"wp-block-jetpack-slideshow_image wp-image-147408 lazyload\" data-id=\"147408\" data-aspect-ratio=\"1024 \/ 576\" data-src=\"https:\/\/eldiariodesanpedro.com.ar\/sitio\/wp-content\/uploads\/2026\/01\/1-1-2-1024x576.jpg\" data-srcset=\"https:\/\/eldiariodesanpedro.com.ar\/sitio\/wp-content\/uploads\/2026\/01\/1-1-2-1024x576.jpg 1024w, https:\/\/eldiariodesanpedro.com.ar\/sitio\/wp-content\/uploads\/2026\/01\/1-1-2-300x169.jpg 300w, https:\/\/eldiariodesanpedro.com.ar\/sitio\/wp-content\/uploads\/2026\/01\/1-1-2-768x432.jpg 768w, https:\/\/eldiariodesanpedro.com.ar\/sitio\/wp-content\/uploads\/2026\/01\/1-1-2.jpg 1120w\" data-sizes=\"(max-width: 1024px) 100vw, 1024px\" src=\"data:image\/svg+xml;base64,PHN2ZyB3aWR0aD0iMSIgaGVpZ2h0PSIxIiB4bWxucz0iaHR0cDovL3d3dy53My5vcmcvMjAwMC9zdmciPjwvc3ZnPg==\" style=\"--smush-placeholder-width: 1024px; --smush-placeholder-aspect-ratio: 1024\/576;\" \/><\/figure><\/li><\/ul><a class=\"wp-block-jetpack-slideshow_button-prev swiper-button-prev swiper-button-white\" role=\"button\"><\/a><a class=\"wp-block-jetpack-slideshow_button-next swiper-button-next swiper-button-white\" role=\"button\"><\/a><a aria-label=\"Pause Slideshow\" class=\"wp-block-jetpack-slideshow_button-pause\" role=\"button\"><\/a><div class=\"wp-block-jetpack-slideshow_pagination swiper-pagination swiper-pagination-white\"><\/div><\/div><\/div>\n","protected":false},"excerpt":{"rendered":"<p>Una colisi\u00f3n entre un veh\u00edculo de reparto y una motocicleta dej\u00f3 a una mujer con lesiones leves y deriv\u00f3 en una causa penal por una irregularidad en la numeraci\u00f3n del motor. En la tarde de ayer, personal policial acudi\u00f3 a la intersecci\u00f3n de Doctor Rojas y avenida Sarmiento tras una alerta del servicio de emergencias [&hellip;]<\/p>\n","protected":false},"author":4,"featured_media":147405,"comment_status":"closed","ping_status":"closed","sticky":false,"template":"","format":"standard","meta":{"om_disable_all_campaigns":false,"_jetpack_memberships_contains_paid_content":false,"footnotes":""},"categories":[50,2,103],"tags":[3612,7189,8435,8013,3951,6943,8436,1738],"class_list":["post-147404","post","type-post","status-publish","format-standard","has-post-thumbnail","hentry","category-destacadas","category-locales","category-policiales-locales","tag-accidente-de-transito-2","tag-articulo-289-codigo-penal","tag-avenida-sarmiento","tag-investigacion-judicial","tag-lesiones-leves","tag-motociclista-herida","tag-numeracion-adulterada","tag-ufi-7"],"aioseo_notices":[],"gutentor_comment":0,"jetpack_featured_media_url":"https:\/\/eldiariodesanpedro.com.ar\/sitio\/wp-content\/uploads\/2026\/01\/medida-1-10.jpg","jetpack_shortlink":"https:\/\/wp.me\/p6RhLt-Clu","jetpack_sharing_enabled":true,"_links":{"self":[{"href":"https:\/\/eldiariodesanpedro.com.ar\/sitio\/wp-json\/wp\/v2\/posts\/147404","targetHints":{"allow":["GET"]}}],"collection":[{"href":"https:\/\/eldiariodesanpedro.com.ar\/sitio\/wp-json\/wp\/v2\/posts"}],"about":[{"href":"https:\/\/eldiariodesanpedro.com.ar\/sitio\/wp-json\/wp\/v2\/types\/post"}],"author":[{"embeddable":true,"href":"https:\/\/eldiariodesanpedro.com.ar\/sitio\/wp-json\/wp\/v2\/users\/4"}],"replies":[{"embeddable":true,"href":"https:\/\/eldiariodesanpedro.com.ar\/sitio\/wp-json\/wp\/v2\/comments?post=147404"}],"version-history":[{"count":1,"href":"https:\/\/eldiariodesanpedro.com.ar\/sitio\/wp-json\/wp\/v2\/posts\/147404\/revisions"}],"predecessor-version":[{"id":147409,"href":"https:\/\/eldiariodesanpedro.com.ar\/sitio\/wp-json\/wp\/v2\/posts\/147404\/revisions\/147409"}],"wp:featuredmedia":[{"embeddable":true,"href":"https:\/\/eldiariodesanpedro.com.ar\/sitio\/wp-json\/wp\/v2\/media\/147405"}],"wp:attachment":[{"href":"https:\/\/eldiariodesanpedro.com.ar\/sitio\/wp-json\/wp\/v2\/media?parent=147404"}],"wp:term":[{"taxonomy":"category","embeddable":true,"href":"https:\/\/eldiariodesanpedro.com.ar\/sitio\/wp-json\/wp\/v2\/categories?post=147404"},{"taxonomy":"post_tag","embeddable":true,"href":"https:\/\/eldiariodesanpedro.com.ar\/sitio\/wp-json\/wp\/v2\/tags?post=147404"}],"curies":[{"name":"wp","href":"https:\/\/api.w.org\/{rel}","templated":true}]}}