{"id":147399,"date":"2026-01-24T11:37:03","date_gmt":"2026-01-24T14:37:03","guid":{"rendered":"https:\/\/eldiariodesanpedro.com.ar\/sitio\/?p=147399"},"modified":"2026-01-24T11:37:08","modified_gmt":"2026-01-24T14:37:08","slug":"fallecio-hugo-ernesto-vega-de-76-anos","status":"publish","type":"post","link":"https:\/\/eldiariodesanpedro.com.ar\/sitio\/fallecio-hugo-ernesto-vega-de-76-anos\/","title":{"rendered":"Falleci\u00f3 Hugo Ernesto Vega, de 76 a\u00f1os"},"content":{"rendered":"<!-- VideographyWP Plugin Message: Automatic video embedding prevented by plugin options. -->\n\n<p>El vecino ser\u00e1 velado este viernes en la sala 3 de Coopsers Servicios Sociales, con servicio previsto hasta las 23 horas.<\/p>\n\n\n\n<p>En las \u00faltimas horas se conoci\u00f3 el <strong>fallecimiento de Hugo Ernesto Vega<\/strong>, quien <strong>ten\u00eda 76 a\u00f1os<\/strong>. La noticia gener\u00f3 pesar entre familiares, amigos y personas que lo conocieron.<\/p>\n\n\n\n<p>Seg\u00fan se inform\u00f3, <strong>sus restos son velados en la sala velatoria N.\u00ba 3<\/strong>, ubicada en <strong>3 de Febrero 1475<\/strong>, bajo la cobertura de <strong>Coopser Servicios Sociales<\/strong>.<br>El <strong>servicio se extender\u00e1 hasta las 23:00 horas de este viernes 23 de enero de 2026<\/strong>.<\/p>\n\n\n\n<p>Desde su entorno expresaron el acompa\u00f1amiento a la familia en este momento de profundo dolor.<\/p>\n\n\n\n<p>#Fallecimiento #HugoErnestoVega #Necrol\u00f3gicas #Coopser #ServiciosSociales #QEPD<\/p>\n","protected":false},"excerpt":{"rendered":"<p>El vecino ser\u00e1 velado este viernes en la sala 3 de Coopsers Servicios Sociales, con servicio previsto hasta las 23 horas. En las \u00faltimas horas se conoci\u00f3 el fallecimiento de Hugo Ernesto Vega, quien ten\u00eda 76 a\u00f1os. La noticia gener\u00f3 pesar entre familiares, amigos y personas que lo conocieron. Seg\u00fan se inform\u00f3, sus restos son [&hellip;]<\/p>\n","protected":false},"author":4,"featured_media":113757,"comment_status":"closed","ping_status":"closed","sticky":false,"template":"","format":"standard","meta":{"om_disable_all_campaigns":false,"_jetpack_memberships_contains_paid_content":false,"footnotes":""},"categories":[8424],"tags":[8429,5113,1707,8427,8428,5629],"class_list":["post-147399","post","type-post","status-publish","format-standard","has-post-thumbnail","hentry","category-necrologicas","tag-avisos-funebres","tag-coopser-servicios-sociales","tag-fallecimientos","tag-fallecio-hugo-ernesto-vega","tag-necrologicas","tag-sala-velatoria-san-pedro"],"aioseo_notices":[],"gutentor_comment":0,"jetpack_featured_media_url":"https:\/\/eldiariodesanpedro.com.ar\/sitio\/wp-content\/uploads\/2023\/01\/necrologicas.jpg","jetpack_shortlink":"https:\/\/wp.me\/p6RhLt-Clp","jetpack_sharing_enabled":true,"_links":{"self":[{"href":"https:\/\/eldiariodesanpedro.com.ar\/sitio\/wp-json\/wp\/v2\/posts\/147399","targetHints":{"allow":["GET"]}}],"collection":[{"href":"https:\/\/eldiariodesanpedro.com.ar\/sitio\/wp-json\/wp\/v2\/posts"}],"about":[{"href":"https:\/\/eldiariodesanpedro.com.ar\/sitio\/wp-json\/wp\/v2\/types\/post"}],"author":[{"embeddable":true,"href":"https:\/\/eldiariodesanpedro.com.ar\/sitio\/wp-json\/wp\/v2\/users\/4"}],"replies":[{"embeddable":true,"href":"https:\/\/eldiariodesanpedro.com.ar\/sitio\/wp-json\/wp\/v2\/comments?post=147399"}],"version-history":[{"count":1,"href":"https:\/\/eldiariodesanpedro.com.ar\/sitio\/wp-json\/wp\/v2\/posts\/147399\/revisions"}],"predecessor-version":[{"id":147400,"href":"https:\/\/eldiariodesanpedro.com.ar\/sitio\/wp-json\/wp\/v2\/posts\/147399\/revisions\/147400"}],"wp:featuredmedia":[{"embeddable":true,"href":"https:\/\/eldiariodesanpedro.com.ar\/sitio\/wp-json\/wp\/v2\/media\/113757"}],"wp:attachment":[{"href":"https:\/\/eldiariodesanpedro.com.ar\/sitio\/wp-json\/wp\/v2\/media?parent=147399"}],"wp:term":[{"taxonomy":"category","embeddable":true,"href":"https:\/\/eldiariodesanpedro.com.ar\/sitio\/wp-json\/wp\/v2\/categories?post=147399"},{"taxonomy":"post_tag","embeddable":true,"href":"https:\/\/eldiariodesanpedro.com.ar\/sitio\/wp-json\/wp\/v2\/tags?post=147399"}],"curies":[{"name":"wp","href":"https:\/\/api.w.org\/{rel}","templated":true}]}}