{"id":14738,"date":"2017-02-15T20:40:30","date_gmt":"2017-02-15T23:40:30","guid":{"rendered":"https:\/\/eldiariodesanpedro.com.ar\/sitio\/?p=14738"},"modified":"2017-02-15T20:40:30","modified_gmt":"2017-02-15T23:40:30","slug":"continuan-estrechandose-los-lazos-entre-la-cia-y-el-cpi","status":"publish","type":"post","link":"https:\/\/eldiariodesanpedro.com.ar\/sitio\/continuan-estrechandose-los-lazos-entre-la-cia-y-el-cpi\/","title":{"rendered":"Continuan estrech\u00e1ndose los lazos entre la CIA y el CPI"},"content":{"rendered":"<p><!-- VideographyWP Plugin Message: Automatic video embedding prevented by plugin options. --><br \/>\nsu titular, Alejandro Juan Bennazar y miembros del Consejo Directivo de la C\u00e1mara recibieron al Sr. H\u00e9ctor D\u00b4Odorico, presidente del CPI y Past President de la CIA quien junto a nuestras autoridades recorri\u00f3 las flamantes instalaciones totalmente reacondicionadas de la sede de la C\u00e1mara.<\/p>\n<p>Como en cada oportunidad que nos visitan los socios, los ponemos en conocimiento del crecimiento exponencial que tiene la CIA a nivel pa\u00eds. Durante la recorrida, el titular del Colegio de Profesionales porte\u00f1o recibi\u00f3 de muy buen agrado ver las reformas edilicias que est\u00e1n a punto de concluirse en la sede de la C\u00e1mara, prevista su inauguraci\u00f3n para el mes pr\u00f3ximo. D\u00b4Odorico felicit\u00f3 a la actual gesti\u00f3n por el impulso que toman estas decisiones que se ven una a una concretadas.<\/p>\n<p><strong>M\u00e1s visitas del sector a la \u201cNueva CIA\u201d<\/strong><\/p>\n<p>La semana pasada continuaron las reuniones con los profesionales del sector. Alejandro Juan Bennazar, presidente de la C\u00e1mara Inmobiliaria Argentina y miembros del consejo directivo recibieron al Sr. Armando Pepe, uno de los socios fundadores de la CIA, presidente del CECIN acompa\u00f1ado por los integrantes de la comisi\u00f3n directiva del Centro de Corredores Inmobiliarios.<\/p>\n<p>Respondiendo a su solicitud, este encuentro tuvo como prop\u00f3sito ponerlos en conocimiento de los exitosos resultados obtenidos por esta gesti\u00f3n. Las excelentes repercusiones de la Red CIA en todo el pa\u00eds, el crecimiento exponencial de los asociados a la entidad, sobre todo desde el interior y el aumento de la matr\u00edcula en el Instituto de Capacitaci\u00f3n Inmobiliaria lo que augura m\u00e1s profesionales formados que se suman al sector.<\/p>\n<p>Bienvenidos sean los v\u00ednculos m\u00e1s estrechos entre la entidad gremial CIA y los profesionales del sector.<\/p>\n","protected":false},"excerpt":{"rendered":"<p>su titular, Alejandro Juan Bennazar y miembros del Consejo Directivo de la C\u00e1mara recibieron al Sr. H\u00e9ctor D\u00b4Odorico, presidente del CPI y Past President de la CIA quien junto a nuestras autoridades recorri\u00f3 las flamantes instalaciones totalmente reacondicionadas de la sede de la C\u00e1mara. Como en cada oportunidad que nos visitan los socios, los ponemos [&hellip;]<\/p>\n","protected":false},"author":4,"featured_media":14739,"comment_status":"open","ping_status":"closed","sticky":false,"template":"","format":"standard","meta":{"om_disable_all_campaigns":false,"_jetpack_memberships_contains_paid_content":false,"footnotes":""},"categories":[2,102],"tags":[],"class_list":["post-14738","post","type-post","status-publish","format-standard","has-post-thumbnail","hentry","category-locales","category-politica-locales"],"aioseo_notices":[],"gutentor_comment":0,"jetpack_featured_media_url":"https:\/\/eldiariodesanpedro.com.ar\/sitio\/wp-content\/uploads\/2017\/02\/Integrantes-de-la-CIA-junto-a-DOdorico.jpg","jetpack_shortlink":"https:\/\/wp.me\/p6RhLt-3PI","jetpack_sharing_enabled":true,"_links":{"self":[{"href":"https:\/\/eldiariodesanpedro.com.ar\/sitio\/wp-json\/wp\/v2\/posts\/14738","targetHints":{"allow":["GET"]}}],"collection":[{"href":"https:\/\/eldiariodesanpedro.com.ar\/sitio\/wp-json\/wp\/v2\/posts"}],"about":[{"href":"https:\/\/eldiariodesanpedro.com.ar\/sitio\/wp-json\/wp\/v2\/types\/post"}],"author":[{"embeddable":true,"href":"https:\/\/eldiariodesanpedro.com.ar\/sitio\/wp-json\/wp\/v2\/users\/4"}],"replies":[{"embeddable":true,"href":"https:\/\/eldiariodesanpedro.com.ar\/sitio\/wp-json\/wp\/v2\/comments?post=14738"}],"version-history":[{"count":1,"href":"https:\/\/eldiariodesanpedro.com.ar\/sitio\/wp-json\/wp\/v2\/posts\/14738\/revisions"}],"predecessor-version":[{"id":14740,"href":"https:\/\/eldiariodesanpedro.com.ar\/sitio\/wp-json\/wp\/v2\/posts\/14738\/revisions\/14740"}],"wp:featuredmedia":[{"embeddable":true,"href":"https:\/\/eldiariodesanpedro.com.ar\/sitio\/wp-json\/wp\/v2\/media\/14739"}],"wp:attachment":[{"href":"https:\/\/eldiariodesanpedro.com.ar\/sitio\/wp-json\/wp\/v2\/media?parent=14738"}],"wp:term":[{"taxonomy":"category","embeddable":true,"href":"https:\/\/eldiariodesanpedro.com.ar\/sitio\/wp-json\/wp\/v2\/categories?post=14738"},{"taxonomy":"post_tag","embeddable":true,"href":"https:\/\/eldiariodesanpedro.com.ar\/sitio\/wp-json\/wp\/v2\/tags?post=14738"}],"curies":[{"name":"wp","href":"https:\/\/api.w.org\/{rel}","templated":true}]}}