{"id":147364,"date":"2026-01-23T19:21:19","date_gmt":"2026-01-23T22:21:19","guid":{"rendered":"https:\/\/eldiariodesanpedro.com.ar\/sitio\/?p=147364"},"modified":"2026-01-23T19:21:23","modified_gmt":"2026-01-23T22:21:23","slug":"identificaron-al-hombre-fallecido-y-sus-familiares-pidieron-que-no-se-realice-la-autopsia","status":"publish","type":"post","link":"https:\/\/eldiariodesanpedro.com.ar\/sitio\/identificaron-al-hombre-fallecido-y-sus-familiares-pidieron-que-no-se-realice-la-autopsia\/","title":{"rendered":"Identificaron al hombre fallecido y sus familiares pidieron que no se realice la autopsia"},"content":{"rendered":"<!-- VideographyWP Plugin Message: Automatic video embedding prevented by plugin options. -->\n\n<p>Se trata de Claudio Kamil, de 65 a\u00f1os, con domicilio en Avellaneda, quien se descompens\u00f3 mientras realizaba actividad f\u00edsica en la v\u00eda p\u00fablica.<\/p>\n\n\n\n<p>Fue <strong>identificado como Claudio Kamil, de 65 a\u00f1os<\/strong>, el hombre que <strong>falleci\u00f3 este mi\u00e9rcoles tras descompensarse mientras realizaba actividad f\u00edsica en la v\u00eda p\u00fablica<\/strong>, en la zona de <strong>Lucio Mansilla al 7000<\/strong>.<\/p>\n\n\n\n<p>Seg\u00fan se inform\u00f3, <strong>Kamil ten\u00eda domicilio en Avellaneda y era un turista habitual<\/strong>, que visitaba con frecuencia la ciudad. Su fallecimiento hab\u00eda generado <strong>conmoci\u00f3n entre los vecinos<\/strong> que se encontraban en el lugar.<\/p>\n\n\n\n<p>Asimismo, se confirm\u00f3 que <strong>los familiares solicitaron que no se realice la autopsia por motivos religiosos<\/strong>, decisi\u00f3n que fue respetada por las autoridades. De esta manera, <strong>no se llevar\u00e1n adelante estudios forenses invasivos<\/strong>, aunque s\u00ed se cumplimentan <strong>las actuaciones m\u00e9dicas y administrativas correspondientes<\/strong>.<\/p>\n\n\n\n<p>#Identificaci\u00f3n #Fallecimiento #Autopsia #ActividadFisica #Conmoci\u00f3n<\/p>\n","protected":false},"excerpt":{"rendered":"<p>Se trata de Claudio Kamil, de 65 a\u00f1os, con domicilio en Avellaneda, quien se descompens\u00f3 mientras realizaba actividad f\u00edsica en la v\u00eda p\u00fablica. Fue identificado como Claudio Kamil, de 65 a\u00f1os, el hombre que falleci\u00f3 este mi\u00e9rcoles tras descompensarse mientras realizaba actividad f\u00edsica en la v\u00eda p\u00fablica, en la zona de Lucio Mansilla al 7000. [&hellip;]<\/p>\n","protected":false},"author":4,"featured_media":83900,"comment_status":"closed","ping_status":"closed","sticky":false,"template":"","format":"standard","meta":{"om_disable_all_campaigns":false,"_jetpack_memberships_contains_paid_content":false,"footnotes":""},"categories":[101,2],"tags":[8414,8417,8416,8413,8415],"class_list":["post-147364","post","type-post","status-publish","format-standard","has-post-thumbnail","hentry","category-interes-general-locales","category-locales","tag-claudio-kamil","tag-descompensacion","tag-fallecimiento-en-la-via-publica","tag-hombre-identificado","tag-pedido-de-no-autopsia"],"aioseo_notices":[],"gutentor_comment":0,"jetpack_featured_media_url":"https:\/\/eldiariodesanpedro.com.ar\/sitio\/wp-content\/uploads\/2020\/11\/hospital_10.jpg","jetpack_shortlink":"https:\/\/wp.me\/p6RhLt-CkQ","jetpack_sharing_enabled":true,"_links":{"self":[{"href":"https:\/\/eldiariodesanpedro.com.ar\/sitio\/wp-json\/wp\/v2\/posts\/147364","targetHints":{"allow":["GET"]}}],"collection":[{"href":"https:\/\/eldiariodesanpedro.com.ar\/sitio\/wp-json\/wp\/v2\/posts"}],"about":[{"href":"https:\/\/eldiariodesanpedro.com.ar\/sitio\/wp-json\/wp\/v2\/types\/post"}],"author":[{"embeddable":true,"href":"https:\/\/eldiariodesanpedro.com.ar\/sitio\/wp-json\/wp\/v2\/users\/4"}],"replies":[{"embeddable":true,"href":"https:\/\/eldiariodesanpedro.com.ar\/sitio\/wp-json\/wp\/v2\/comments?post=147364"}],"version-history":[{"count":1,"href":"https:\/\/eldiariodesanpedro.com.ar\/sitio\/wp-json\/wp\/v2\/posts\/147364\/revisions"}],"predecessor-version":[{"id":147365,"href":"https:\/\/eldiariodesanpedro.com.ar\/sitio\/wp-json\/wp\/v2\/posts\/147364\/revisions\/147365"}],"wp:featuredmedia":[{"embeddable":true,"href":"https:\/\/eldiariodesanpedro.com.ar\/sitio\/wp-json\/wp\/v2\/media\/83900"}],"wp:attachment":[{"href":"https:\/\/eldiariodesanpedro.com.ar\/sitio\/wp-json\/wp\/v2\/media?parent=147364"}],"wp:term":[{"taxonomy":"category","embeddable":true,"href":"https:\/\/eldiariodesanpedro.com.ar\/sitio\/wp-json\/wp\/v2\/categories?post=147364"},{"taxonomy":"post_tag","embeddable":true,"href":"https:\/\/eldiariodesanpedro.com.ar\/sitio\/wp-json\/wp\/v2\/tags?post=147364"}],"curies":[{"name":"wp","href":"https:\/\/api.w.org\/{rel}","templated":true}]}}