{"id":147362,"date":"2026-01-23T19:12:46","date_gmt":"2026-01-23T22:12:46","guid":{"rendered":"https:\/\/eldiariodesanpedro.com.ar\/sitio\/?p=147362"},"modified":"2026-01-24T00:46:37","modified_gmt":"2026-01-24T03:46:37","slug":"fallecio-mabel-alicia-bellocchio-a-los-92-anos","status":"publish","type":"post","link":"https:\/\/eldiariodesanpedro.com.ar\/sitio\/fallecio-mabel-alicia-bellocchio-a-los-92-anos\/","title":{"rendered":"Falleci\u00f3 Mabel Alicia Bellocchio, a los 92 a\u00f1os"},"content":{"rendered":"<!-- VideographyWP Plugin Message: Automatic video embedding prevented by plugin options. -->\n\n<p>Profundo pesar por el fallecimiento de Mabel Alicia Bellocchio, ocurrido este viernes. Sus restos son velados en sala N\u00b0 4 de Coopsser.<\/p>\n\n\n\n<p>Con profundo pesar se inform\u00f3 el <strong>fallecimiento de Mabel Alicia Bellocchio<\/strong>, quien <strong>ten\u00eda 92 a\u00f1os<\/strong>. La noticia gener\u00f3 conmoci\u00f3n y acompa\u00f1amiento a sus familiares y seres queridos en este momento de dolor.<\/p>\n\n\n\n<p>El <strong>servicio velatorio<\/strong> se lleva a cabo en la <strong>sala N\u00b0 4<\/strong>, ubicada en <strong>3 de Febrero 1475<\/strong>, y se extender\u00e1 <strong>hasta las 21:00 horas de este viernes 23 de enero de 2026<\/strong>.<br>Los <strong>servicios f\u00fanebres<\/strong> se encuentran a cargo de <strong>Coopsser Servicios Sociales<\/strong>.<\/p>\n\n\n\n<p>Familiares, amigos y allegados despiden con respeto y cari\u00f1o a Mabel Alicia Bellocchio, acompa\u00f1ando a sus seres queridos en esta despedida.<\/p>\n\n\n\n<p>#Fallecimiento #Necrol\u00f3gica #Coopsser #Despedida #QEPD<\/p>\n","protected":false},"excerpt":{"rendered":"<p>Profundo pesar por el fallecimiento de Mabel Alicia Bellocchio, ocurrido este viernes. Sus restos son velados en sala N\u00b0 4 de Coopsser. Con profundo pesar se inform\u00f3 el fallecimiento de Mabel Alicia Bellocchio, quien ten\u00eda 92 a\u00f1os. La noticia gener\u00f3 conmoci\u00f3n y acompa\u00f1amiento a sus familiares y seres queridos en este momento de dolor. El [&hellip;]<\/p>\n","protected":false},"author":4,"featured_media":113757,"comment_status":"closed","ping_status":"closed","sticky":false,"template":"","format":"standard","meta":{"om_disable_all_campaigns":false,"_jetpack_memberships_contains_paid_content":false,"footnotes":""},"categories":[8424],"tags":[8412,8151,8411,7701,6218],"class_list":["post-147362","post","type-post","status-publish","format-standard","has-post-thumbnail","hentry","category-necrologicas","tag-coopsser-servicios-sociales","tag-fallecimientos-enero-2026","tag-fallecio-mabel-alicia-bellocchio","tag-necrologica-san-pedro","tag-velatorio-sala-4"],"aioseo_notices":[],"gutentor_comment":0,"jetpack_featured_media_url":"https:\/\/eldiariodesanpedro.com.ar\/sitio\/wp-content\/uploads\/2023\/01\/necrologicas.jpg","jetpack_shortlink":"https:\/\/wp.me\/p6RhLt-CkO","jetpack_sharing_enabled":true,"_links":{"self":[{"href":"https:\/\/eldiariodesanpedro.com.ar\/sitio\/wp-json\/wp\/v2\/posts\/147362","targetHints":{"allow":["GET"]}}],"collection":[{"href":"https:\/\/eldiariodesanpedro.com.ar\/sitio\/wp-json\/wp\/v2\/posts"}],"about":[{"href":"https:\/\/eldiariodesanpedro.com.ar\/sitio\/wp-json\/wp\/v2\/types\/post"}],"author":[{"embeddable":true,"href":"https:\/\/eldiariodesanpedro.com.ar\/sitio\/wp-json\/wp\/v2\/users\/4"}],"replies":[{"embeddable":true,"href":"https:\/\/eldiariodesanpedro.com.ar\/sitio\/wp-json\/wp\/v2\/comments?post=147362"}],"version-history":[{"count":1,"href":"https:\/\/eldiariodesanpedro.com.ar\/sitio\/wp-json\/wp\/v2\/posts\/147362\/revisions"}],"predecessor-version":[{"id":147363,"href":"https:\/\/eldiariodesanpedro.com.ar\/sitio\/wp-json\/wp\/v2\/posts\/147362\/revisions\/147363"}],"wp:featuredmedia":[{"embeddable":true,"href":"https:\/\/eldiariodesanpedro.com.ar\/sitio\/wp-json\/wp\/v2\/media\/113757"}],"wp:attachment":[{"href":"https:\/\/eldiariodesanpedro.com.ar\/sitio\/wp-json\/wp\/v2\/media?parent=147362"}],"wp:term":[{"taxonomy":"category","embeddable":true,"href":"https:\/\/eldiariodesanpedro.com.ar\/sitio\/wp-json\/wp\/v2\/categories?post=147362"},{"taxonomy":"post_tag","embeddable":true,"href":"https:\/\/eldiariodesanpedro.com.ar\/sitio\/wp-json\/wp\/v2\/tags?post=147362"}],"curies":[{"name":"wp","href":"https:\/\/api.w.org\/{rel}","templated":true}]}}