{"id":147342,"date":"2026-01-23T14:00:53","date_gmt":"2026-01-23T17:00:53","guid":{"rendered":"https:\/\/eldiariodesanpedro.com.ar\/sitio\/?p=147342"},"modified":"2026-01-23T14:00:58","modified_gmt":"2026-01-23T17:00:58","slug":"aprehendieron-a-un-joven-de-23-anos-con-pedido-de-captura-activo-por-hurto","status":"publish","type":"post","link":"https:\/\/eldiariodesanpedro.com.ar\/sitio\/aprehendieron-a-un-joven-de-23-anos-con-pedido-de-captura-activo-por-hurto\/","title":{"rendered":"Aprehendieron a un joven de 23 a\u00f1os con pedido de captura activo por hurto"},"content":{"rendered":"<!-- VideographyWP Plugin Message: Automatic video embedding prevented by plugin options. -->\n\n<p>El procedimiento se realiz\u00f3 en horas de la ma\u00f1ana en un callej\u00f3n de la ciudad, donde personal policial identific\u00f3 a un joven con <strong>captura vigente desde octubre de 2025<\/strong>.<\/p>\n\n\n\n<p>Personal de esta dependencia <strong>aprehendi\u00f3 en la ma\u00f1ana de ayer a un masculino de 23 a\u00f1os<\/strong> durante un operativo llevado a cabo en <strong>callej\u00f3n Pascual s\/n<\/strong>. Al ser identificado, se constat\u00f3 que <strong>registraba un pedido de captura activo<\/strong> con fecha <strong>21\/10\/2025<\/strong>, en el marco de una causa caratulada <strong>\u201cHurto\u201d<\/strong>.<\/p>\n\n\n\n<p>Seg\u00fan se inform\u00f3, la medida judicial hab\u00eda sido solicitada por la <strong>Fiscal\u00eda San Nicol\u00e1s<\/strong>. Tras la comunicaci\u00f3n con la autoridad judicial interviniente, <strong>se dispuso la notificaci\u00f3n correspondiente y la posterior soltura del aprehendido<\/strong>, conforme a las directivas impartidas.<\/p>\n\n\n\n<p>El hecho qued\u00f3 debidamente documentado y se dio intervenci\u00f3n a las \u00e1reas judiciales competentes para la continuidad de las actuaciones de rigor.<\/p>\n\n\n\n<p>#Policiales #Aprehensi\u00f3n #PedidoDeCaptura #Hurto #Fiscal\u00eda #Seguridad<\/p>\n\n\n<div class=\"wp-block-image\">\n<figure class=\"aligncenter size-full\"><img decoding=\"async\" width=\"405\" height=\"630\" data-attachment-id=\"147344\" data-permalink=\"https:\/\/eldiariodesanpedro.com.ar\/sitio\/aprehendieron-a-un-joven-de-23-anos-con-pedido-de-captura-activo-por-hurto\/1-379\/\" data-orig-file=\"https:\/\/eldiariodesanpedro.com.ar\/sitio\/wp-content\/uploads\/2026\/01\/1-3.jpg\" data-orig-size=\"405,630\" data-comments-opened=\"0\" data-image-meta=\"{&quot;aperture&quot;:&quot;0&quot;,&quot;credit&quot;:&quot;&quot;,&quot;camera&quot;:&quot;&quot;,&quot;caption&quot;:&quot;&quot;,&quot;created_timestamp&quot;:&quot;0&quot;,&quot;copyright&quot;:&quot;&quot;,&quot;focal_length&quot;:&quot;0&quot;,&quot;iso&quot;:&quot;0&quot;,&quot;shutter_speed&quot;:&quot;0&quot;,&quot;title&quot;:&quot;&quot;,&quot;orientation&quot;:&quot;0&quot;}\" data-image-title=\"1\" data-image-description=\"\" data-image-caption=\"\" data-large-file=\"https:\/\/eldiariodesanpedro.com.ar\/sitio\/wp-content\/uploads\/2026\/01\/1-3.jpg\" data-src=\"https:\/\/eldiariodesanpedro.com.ar\/sitio\/wp-content\/uploads\/2026\/01\/1-3.jpg\" alt=\"\" class=\"wp-image-147344 lazyload\" data-srcset=\"https:\/\/eldiariodesanpedro.com.ar\/sitio\/wp-content\/uploads\/2026\/01\/1-3.jpg 405w, https:\/\/eldiariodesanpedro.com.ar\/sitio\/wp-content\/uploads\/2026\/01\/1-3-193x300.jpg 193w\" data-sizes=\"(max-width: 405px) 100vw, 405px\" src=\"data:image\/svg+xml;base64,PHN2ZyB3aWR0aD0iMSIgaGVpZ2h0PSIxIiB4bWxucz0iaHR0cDovL3d3dy53My5vcmcvMjAwMC9zdmciPjwvc3ZnPg==\" style=\"--smush-placeholder-width: 405px; --smush-placeholder-aspect-ratio: 405\/630;\" \/><\/figure>\n<\/div>","protected":false},"excerpt":{"rendered":"<p>El procedimiento se realiz\u00f3 en horas de la ma\u00f1ana en un callej\u00f3n de la ciudad, donde personal policial identific\u00f3 a un joven con captura vigente desde octubre de 2025. Personal de esta dependencia aprehendi\u00f3 en la ma\u00f1ana de ayer a un masculino de 23 a\u00f1os durante un operativo llevado a cabo en callej\u00f3n Pascual s\/n. [&hellip;]<\/p>\n","protected":false},"author":4,"featured_media":147343,"comment_status":"closed","ping_status":"closed","sticky":false,"template":"","format":"standard","meta":{"om_disable_all_campaigns":false,"_jetpack_memberships_contains_paid_content":false,"footnotes":""},"categories":[2,103],"tags":[5566,6671,28,4055,8399,8400],"class_list":["post-147342","post","type-post","status-publish","format-standard","has-post-thumbnail","hentry","category-locales","category-policiales-locales","tag-aprehension-policial","tag-fiscalia-san-nicolas","tag-hurto","tag-operativo-policial","tag-pedido-de-captura-activo","tag-persona-con-impedimento-legal"],"aioseo_notices":[],"gutentor_comment":0,"jetpack_featured_media_url":"https:\/\/eldiariodesanpedro.com.ar\/sitio\/wp-content\/uploads\/2026\/01\/medida-1-9.jpg","jetpack_shortlink":"https:\/\/wp.me\/p6RhLt-Cku","jetpack_sharing_enabled":true,"_links":{"self":[{"href":"https:\/\/eldiariodesanpedro.com.ar\/sitio\/wp-json\/wp\/v2\/posts\/147342","targetHints":{"allow":["GET"]}}],"collection":[{"href":"https:\/\/eldiariodesanpedro.com.ar\/sitio\/wp-json\/wp\/v2\/posts"}],"about":[{"href":"https:\/\/eldiariodesanpedro.com.ar\/sitio\/wp-json\/wp\/v2\/types\/post"}],"author":[{"embeddable":true,"href":"https:\/\/eldiariodesanpedro.com.ar\/sitio\/wp-json\/wp\/v2\/users\/4"}],"replies":[{"embeddable":true,"href":"https:\/\/eldiariodesanpedro.com.ar\/sitio\/wp-json\/wp\/v2\/comments?post=147342"}],"version-history":[{"count":1,"href":"https:\/\/eldiariodesanpedro.com.ar\/sitio\/wp-json\/wp\/v2\/posts\/147342\/revisions"}],"predecessor-version":[{"id":147345,"href":"https:\/\/eldiariodesanpedro.com.ar\/sitio\/wp-json\/wp\/v2\/posts\/147342\/revisions\/147345"}],"wp:featuredmedia":[{"embeddable":true,"href":"https:\/\/eldiariodesanpedro.com.ar\/sitio\/wp-json\/wp\/v2\/media\/147343"}],"wp:attachment":[{"href":"https:\/\/eldiariodesanpedro.com.ar\/sitio\/wp-json\/wp\/v2\/media?parent=147342"}],"wp:term":[{"taxonomy":"category","embeddable":true,"href":"https:\/\/eldiariodesanpedro.com.ar\/sitio\/wp-json\/wp\/v2\/categories?post=147342"},{"taxonomy":"post_tag","embeddable":true,"href":"https:\/\/eldiariodesanpedro.com.ar\/sitio\/wp-json\/wp\/v2\/tags?post=147342"}],"curies":[{"name":"wp","href":"https:\/\/api.w.org\/{rel}","templated":true}]}}