{"id":147336,"date":"2026-01-23T12:56:10","date_gmt":"2026-01-23T15:56:10","guid":{"rendered":"https:\/\/eldiariodesanpedro.com.ar\/sitio\/?p=147336"},"modified":"2026-01-23T12:56:21","modified_gmt":"2026-01-23T15:56:21","slug":"accidente-de-transito-entre-un-auto-y-una-moto-dejo-un-herido-leve","status":"publish","type":"post","link":"https:\/\/eldiariodesanpedro.com.ar\/sitio\/accidente-de-transito-entre-un-auto-y-una-moto-dejo-un-herido-leve\/","title":{"rendered":"Accidente de tr\u00e1nsito entre un auto y una moto dej\u00f3 un herido leve"},"content":{"rendered":"<!-- VideographyWP Plugin Message: Automatic video embedding prevented by plugin options. -->\n\n<p>Un siniestro vial ocurrido este viernes antes del mediod\u00eda en una transitada esquina termin\u00f3 con un motociclista con lesiones leves y sin necesidad de traslado hospitalario.<\/p>\n\n\n\n<p>En la jornada de este <strong>viernes, minutos antes de las 12<\/strong>, se registr\u00f3 un <strong>accidente de tr\u00e1nsito<\/strong> en la intersecci\u00f3n de <strong>avenida Sarmiento y 9 de Julio<\/strong>, donde <strong>colisionaron un autom\u00f3vil y una motocicleta<\/strong> por causas que a\u00fan se intentan establecer.<\/p>\n\n\n\n<p>Seg\u00fan la informaci\u00f3n recabada en el lugar, el <strong>autom\u00f3vil Toyota Corolla, color blanco<\/strong>, era conducido por <strong>una mujer<\/strong>, mientras que la <strong>motocicleta 110 cc<\/strong> era guiada por <strong>un hombre mayor de edad<\/strong>. A ra\u00edz del impacto, el motociclista <strong>circulaba sin casco<\/strong> y sufri\u00f3 <strong>escoriaciones y traumatismos de car\u00e1cter leve<\/strong>.<\/p>\n\n\n\n<p>Personal del <strong>SAME<\/strong> acudi\u00f3 r\u00e1pidamente al sitio para asistir al herido, aunque <strong>no fue necesario su traslado<\/strong> al Hospital Subzonal <strong>Dr. Emilio Ruffa<\/strong>, ya que las lesiones no revest\u00edan gravedad.<\/p>\n\n\n\n<p>El tr\u00e1nsito se vio parcialmente afectado durante algunos minutos mientras se realizaban las tareas de asistencia y control, y el hecho qued\u00f3 bajo evaluaci\u00f3n para determinar responsabilidades.<\/p>\n\n\n\n<p>#AccidenteDeTr\u00e1nsito #Choque #Moto #Auto #SAME #SeguridadVial #HeridoLeve<\/p>\n\n\n\n<div class=\"wp-block-jetpack-slideshow aligncenter\" data-effect=\"slide\" style=\"--aspect-ratio:calc(640 \/ 360)\"><div class=\"wp-block-jetpack-slideshow_container swiper\"><ul class=\"wp-block-jetpack-slideshow_swiper-wrapper swiper-wrapper\"><li class=\"wp-block-jetpack-slideshow_slide swiper-slide\"><figure><img decoding=\"async\" width=\"1024\" height=\"576\" alt=\"\" class=\"wp-block-jetpack-slideshow_image wp-image-147340 lazyload\" data-id=\"147340\" data-aspect-ratio=\"640 \/ 360\" data-src=\"https:\/\/eldiariodesanpedro.com.ar\/sitio\/wp-content\/uploads\/2026\/01\/WhatsApp-Image-2026-01-23-at-12.37.431-1024x576.jpeg\" data-srcset=\"https:\/\/eldiariodesanpedro.com.ar\/sitio\/wp-content\/uploads\/2026\/01\/WhatsApp-Image-2026-01-23-at-12.37.431-1024x576.jpeg 1024w, https:\/\/eldiariodesanpedro.com.ar\/sitio\/wp-content\/uploads\/2026\/01\/WhatsApp-Image-2026-01-23-at-12.37.431-300x169.jpeg 300w, https:\/\/eldiariodesanpedro.com.ar\/sitio\/wp-content\/uploads\/2026\/01\/WhatsApp-Image-2026-01-23-at-12.37.431-768x432.jpeg 768w, https:\/\/eldiariodesanpedro.com.ar\/sitio\/wp-content\/uploads\/2026\/01\/WhatsApp-Image-2026-01-23-at-12.37.431.jpeg 1120w\" data-sizes=\"(max-width: 1024px) 100vw, 1024px\" src=\"data:image\/svg+xml;base64,PHN2ZyB3aWR0aD0iMSIgaGVpZ2h0PSIxIiB4bWxucz0iaHR0cDovL3d3dy53My5vcmcvMjAwMC9zdmciPjwvc3ZnPg==\" style=\"--smush-placeholder-width: 1024px; --smush-placeholder-aspect-ratio: 1024\/576;\" \/><\/figure><\/li><li class=\"wp-block-jetpack-slideshow_slide swiper-slide\"><figure><img decoding=\"async\" width=\"1024\" height=\"576\" alt=\"\" class=\"wp-block-jetpack-slideshow_image wp-image-147339 lazyload\" data-id=\"147339\" data-aspect-ratio=\"640 \/ 360\" data-src=\"https:\/\/eldiariodesanpedro.com.ar\/sitio\/wp-content\/uploads\/2026\/01\/WhatsApp-Image-2026-01-23-at-12.37.45-1024x576.jpeg\" data-srcset=\"https:\/\/eldiariodesanpedro.com.ar\/sitio\/wp-content\/uploads\/2026\/01\/WhatsApp-Image-2026-01-23-at-12.37.45-1024x576.jpeg 1024w, https:\/\/eldiariodesanpedro.com.ar\/sitio\/wp-content\/uploads\/2026\/01\/WhatsApp-Image-2026-01-23-at-12.37.45-300x169.jpeg 300w, https:\/\/eldiariodesanpedro.com.ar\/sitio\/wp-content\/uploads\/2026\/01\/WhatsApp-Image-2026-01-23-at-12.37.45-768x432.jpeg 768w, https:\/\/eldiariodesanpedro.com.ar\/sitio\/wp-content\/uploads\/2026\/01\/WhatsApp-Image-2026-01-23-at-12.37.45.jpeg 1120w\" data-sizes=\"(max-width: 1024px) 100vw, 1024px\" src=\"data:image\/svg+xml;base64,PHN2ZyB3aWR0aD0iMSIgaGVpZ2h0PSIxIiB4bWxucz0iaHR0cDovL3d3dy53My5vcmcvMjAwMC9zdmciPjwvc3ZnPg==\" style=\"--smush-placeholder-width: 1024px; --smush-placeholder-aspect-ratio: 1024\/576;\" \/><\/figure><\/li><li class=\"wp-block-jetpack-slideshow_slide swiper-slide\"><figure><img decoding=\"async\" width=\"1024\" height=\"576\" alt=\"\" class=\"wp-block-jetpack-slideshow_image wp-image-147338 lazyload\" data-id=\"147338\" data-aspect-ratio=\"640 \/ 360\" data-src=\"https:\/\/eldiariodesanpedro.com.ar\/sitio\/wp-content\/uploads\/2026\/01\/WhatsApp-Image-2026-01-23-at-12.37.44-1024x576.jpeg\" data-srcset=\"https:\/\/eldiariodesanpedro.com.ar\/sitio\/wp-content\/uploads\/2026\/01\/WhatsApp-Image-2026-01-23-at-12.37.44-1024x576.jpeg 1024w, https:\/\/eldiariodesanpedro.com.ar\/sitio\/wp-content\/uploads\/2026\/01\/WhatsApp-Image-2026-01-23-at-12.37.44-300x169.jpeg 300w, https:\/\/eldiariodesanpedro.com.ar\/sitio\/wp-content\/uploads\/2026\/01\/WhatsApp-Image-2026-01-23-at-12.37.44-768x432.jpeg 768w, https:\/\/eldiariodesanpedro.com.ar\/sitio\/wp-content\/uploads\/2026\/01\/WhatsApp-Image-2026-01-23-at-12.37.44.jpeg 1120w\" data-sizes=\"(max-width: 1024px) 100vw, 1024px\" src=\"data:image\/svg+xml;base64,PHN2ZyB3aWR0aD0iMSIgaGVpZ2h0PSIxIiB4bWxucz0iaHR0cDovL3d3dy53My5vcmcvMjAwMC9zdmciPjwvc3ZnPg==\" style=\"--smush-placeholder-width: 1024px; --smush-placeholder-aspect-ratio: 1024\/576;\" \/><\/figure><\/li><li class=\"wp-block-jetpack-slideshow_slide swiper-slide\"><figure><img decoding=\"async\" width=\"1024\" height=\"576\" alt=\"\" class=\"wp-block-jetpack-slideshow_image wp-image-147337 lazyload\" data-id=\"147337\" data-aspect-ratio=\"640 \/ 360\" data-src=\"https:\/\/eldiariodesanpedro.com.ar\/sitio\/wp-content\/uploads\/2026\/01\/WhatsApp-Image-2026-01-23-at-12.37.43-1024x576.jpeg\" data-srcset=\"https:\/\/eldiariodesanpedro.com.ar\/sitio\/wp-content\/uploads\/2026\/01\/WhatsApp-Image-2026-01-23-at-12.37.43-1024x576.jpeg 1024w, https:\/\/eldiariodesanpedro.com.ar\/sitio\/wp-content\/uploads\/2026\/01\/WhatsApp-Image-2026-01-23-at-12.37.43-300x169.jpeg 300w, https:\/\/eldiariodesanpedro.com.ar\/sitio\/wp-content\/uploads\/2026\/01\/WhatsApp-Image-2026-01-23-at-12.37.43-768x432.jpeg 768w, https:\/\/eldiariodesanpedro.com.ar\/sitio\/wp-content\/uploads\/2026\/01\/WhatsApp-Image-2026-01-23-at-12.37.43.jpeg 1120w\" data-sizes=\"(max-width: 1024px) 100vw, 1024px\" src=\"data:image\/svg+xml;base64,PHN2ZyB3aWR0aD0iMSIgaGVpZ2h0PSIxIiB4bWxucz0iaHR0cDovL3d3dy53My5vcmcvMjAwMC9zdmciPjwvc3ZnPg==\" style=\"--smush-placeholder-width: 1024px; --smush-placeholder-aspect-ratio: 1024\/576;\" \/><\/figure><\/li><\/ul><a class=\"wp-block-jetpack-slideshow_button-prev swiper-button-prev swiper-button-white\" role=\"button\"><\/a><a class=\"wp-block-jetpack-slideshow_button-next swiper-button-next swiper-button-white\" role=\"button\"><\/a><a aria-label=\"Pause Slideshow\" class=\"wp-block-jetpack-slideshow_button-pause\" role=\"button\"><\/a><div class=\"wp-block-jetpack-slideshow_pagination swiper-pagination swiper-pagination-white\"><\/div><\/div><\/div>\n","protected":false},"excerpt":{"rendered":"<p>Un siniestro vial ocurrido este viernes antes del mediod\u00eda en una transitada esquina termin\u00f3 con un motociclista con lesiones leves y sin necesidad de traslado hospitalario. En la jornada de este viernes, minutos antes de las 12, se registr\u00f3 un accidente de tr\u00e1nsito en la intersecci\u00f3n de avenida Sarmiento y 9 de Julio, donde colisionaron [&hellip;]<\/p>\n","protected":false},"author":4,"featured_media":147338,"comment_status":"closed","ping_status":"closed","sticky":false,"template":"","format":"standard","meta":{"om_disable_all_campaigns":false,"_jetpack_memberships_contains_paid_content":false,"footnotes":""},"categories":[50,2,103],"tags":[],"class_list":["post-147336","post","type-post","status-publish","format-standard","has-post-thumbnail","hentry","category-destacadas","category-locales","category-policiales-locales"],"aioseo_notices":[],"gutentor_comment":0,"jetpack_featured_media_url":"https:\/\/eldiariodesanpedro.com.ar\/sitio\/wp-content\/uploads\/2026\/01\/WhatsApp-Image-2026-01-23-at-12.37.44.jpeg","jetpack_shortlink":"https:\/\/wp.me\/p6RhLt-Cko","jetpack_sharing_enabled":true,"_links":{"self":[{"href":"https:\/\/eldiariodesanpedro.com.ar\/sitio\/wp-json\/wp\/v2\/posts\/147336","targetHints":{"allow":["GET"]}}],"collection":[{"href":"https:\/\/eldiariodesanpedro.com.ar\/sitio\/wp-json\/wp\/v2\/posts"}],"about":[{"href":"https:\/\/eldiariodesanpedro.com.ar\/sitio\/wp-json\/wp\/v2\/types\/post"}],"author":[{"embeddable":true,"href":"https:\/\/eldiariodesanpedro.com.ar\/sitio\/wp-json\/wp\/v2\/users\/4"}],"replies":[{"embeddable":true,"href":"https:\/\/eldiariodesanpedro.com.ar\/sitio\/wp-json\/wp\/v2\/comments?post=147336"}],"version-history":[{"count":1,"href":"https:\/\/eldiariodesanpedro.com.ar\/sitio\/wp-json\/wp\/v2\/posts\/147336\/revisions"}],"predecessor-version":[{"id":147341,"href":"https:\/\/eldiariodesanpedro.com.ar\/sitio\/wp-json\/wp\/v2\/posts\/147336\/revisions\/147341"}],"wp:featuredmedia":[{"embeddable":true,"href":"https:\/\/eldiariodesanpedro.com.ar\/sitio\/wp-json\/wp\/v2\/media\/147338"}],"wp:attachment":[{"href":"https:\/\/eldiariodesanpedro.com.ar\/sitio\/wp-json\/wp\/v2\/media?parent=147336"}],"wp:term":[{"taxonomy":"category","embeddable":true,"href":"https:\/\/eldiariodesanpedro.com.ar\/sitio\/wp-json\/wp\/v2\/categories?post=147336"},{"taxonomy":"post_tag","embeddable":true,"href":"https:\/\/eldiariodesanpedro.com.ar\/sitio\/wp-json\/wp\/v2\/tags?post=147336"}],"curies":[{"name":"wp","href":"https:\/\/api.w.org\/{rel}","templated":true}]}}