{"id":147333,"date":"2026-01-23T11:54:32","date_gmt":"2026-01-23T14:54:32","guid":{"rendered":"https:\/\/eldiariodesanpedro.com.ar\/sitio\/?p=147333"},"modified":"2026-01-23T11:54:36","modified_gmt":"2026-01-23T14:54:36","slug":"violento-choque-en-la-ruta-191-un-motociclista-de-37-anos-permanece-internado-en-observacion","status":"publish","type":"post","link":"https:\/\/eldiariodesanpedro.com.ar\/sitio\/violento-choque-en-la-ruta-191-un-motociclista-de-37-anos-permanece-internado-en-observacion\/","title":{"rendered":"Violento choque en la ruta 191: un motociclista de 37 a\u00f1os permanece internado en observaci\u00f3n"},"content":{"rendered":"<!-- VideographyWP Plugin Message: Automatic video embedding prevented by plugin options. -->\n\n<p><em>Un hombre de 37 a\u00f1os result\u00f3 herido tras un fuerte choque entre una motocicleta y un autom\u00f3vil en la ruta 191, a la altura de las v\u00edas del ferrocarril Mitre, y permanece bajo control m\u00e9dico.<\/em><\/p>\n\n\n\n<p>Un <strong>motociclista de 37 a\u00f1os<\/strong> permanece <strong>internado en observaci\u00f3n<\/strong> luego de protagonizar un <strong>violento choque contra un autom\u00f3vil<\/strong> sobre la <strong>ruta 191<\/strong>, en inmediaciones de las <strong>v\u00edas del ferrocarril Mitre<\/strong>, en uno de los accesos a San Pedro.<\/p>\n\n\n\n<p>El <strong>siniestro ocurri\u00f3 en las primeras horas de este viernes<\/strong> y demand\u00f3 la <strong>intervenci\u00f3n inmediata de los servicios de emergencia<\/strong>, que trasladaron al herido al hospital local. Seg\u00fan inform\u00f3 el <strong>doctor Jos\u00e9 Herbas<\/strong>, jefe de la guardia y del servicio de emergencias, el paciente <strong>ingres\u00f3 alrededor de las 7 de la ma\u00f1ana<\/strong> con un cuadro de <strong>policontusiones<\/strong> y un <strong>traumatismo en un miembro superior<\/strong>.<\/p>\n\n\n\n<p>Debido a las <strong>lesiones sufridas en el impacto<\/strong>, el equipo m\u00e9dico resolvi\u00f3 que el hombre <strong>permanezca bajo vigilancia cl\u00ednica<\/strong>, a fin de <strong>evaluar su evoluci\u00f3n durante las pr\u00f3ximas horas<\/strong>. En tanto, <strong>personal policial trabaj\u00f3 en el lugar del accidente<\/strong>, realizando las tareas de rigor para <strong>ordenar el tr\u00e1nsito<\/strong> y <strong>establecer las causas que derivaron en la colisi\u00f3n<\/strong>.<\/p>\n\n\n\n<p>#Accidente #Ruta191 #Choque #Motociclista #Emergencias #Hospital #SanPedro<\/p>\n","protected":false},"excerpt":{"rendered":"<p>Un hombre de 37 a\u00f1os result\u00f3 herido tras un fuerte choque entre una motocicleta y un autom\u00f3vil en la ruta 191, a la altura de las v\u00edas del ferrocarril Mitre, y permanece bajo control m\u00e9dico. Un motociclista de 37 a\u00f1os permanece internado en observaci\u00f3n luego de protagonizar un violento choque contra un autom\u00f3vil sobre la [&hellip;]<\/p>\n","protected":false},"author":4,"featured_media":147334,"comment_status":"closed","ping_status":"closed","sticky":false,"template":"","format":"standard","meta":{"om_disable_all_campaigns":false,"_jetpack_memberships_contains_paid_content":false,"footnotes":""},"categories":[50,2,103],"tags":[5836,8397,8396,6185,6239,8398,5964],"class_list":["post-147333","post","type-post","status-publish","format-standard","has-post-thumbnail","hentry","category-destacadas","category-locales","category-policiales-locales","tag-accidente-en-ruta-191","tag-accidente-vial","tag-choque-motocicleta-automovil","tag-hospital-san-pedro","tag-motociclista-herido","tag-policontusiones","tag-transito-ruta-191"],"aioseo_notices":[],"gutentor_comment":0,"jetpack_featured_media_url":"https:\/\/eldiariodesanpedro.com.ar\/sitio\/wp-content\/uploads\/2026\/01\/medida-1-8.jpg","jetpack_shortlink":"https:\/\/wp.me\/p6RhLt-Ckl","jetpack_sharing_enabled":true,"_links":{"self":[{"href":"https:\/\/eldiariodesanpedro.com.ar\/sitio\/wp-json\/wp\/v2\/posts\/147333","targetHints":{"allow":["GET"]}}],"collection":[{"href":"https:\/\/eldiariodesanpedro.com.ar\/sitio\/wp-json\/wp\/v2\/posts"}],"about":[{"href":"https:\/\/eldiariodesanpedro.com.ar\/sitio\/wp-json\/wp\/v2\/types\/post"}],"author":[{"embeddable":true,"href":"https:\/\/eldiariodesanpedro.com.ar\/sitio\/wp-json\/wp\/v2\/users\/4"}],"replies":[{"embeddable":true,"href":"https:\/\/eldiariodesanpedro.com.ar\/sitio\/wp-json\/wp\/v2\/comments?post=147333"}],"version-history":[{"count":1,"href":"https:\/\/eldiariodesanpedro.com.ar\/sitio\/wp-json\/wp\/v2\/posts\/147333\/revisions"}],"predecessor-version":[{"id":147335,"href":"https:\/\/eldiariodesanpedro.com.ar\/sitio\/wp-json\/wp\/v2\/posts\/147333\/revisions\/147335"}],"wp:featuredmedia":[{"embeddable":true,"href":"https:\/\/eldiariodesanpedro.com.ar\/sitio\/wp-json\/wp\/v2\/media\/147334"}],"wp:attachment":[{"href":"https:\/\/eldiariodesanpedro.com.ar\/sitio\/wp-json\/wp\/v2\/media?parent=147333"}],"wp:term":[{"taxonomy":"category","embeddable":true,"href":"https:\/\/eldiariodesanpedro.com.ar\/sitio\/wp-json\/wp\/v2\/categories?post=147333"},{"taxonomy":"post_tag","embeddable":true,"href":"https:\/\/eldiariodesanpedro.com.ar\/sitio\/wp-json\/wp\/v2\/tags?post=147333"}],"curies":[{"name":"wp","href":"https:\/\/api.w.org\/{rel}","templated":true}]}}