{"id":147328,"date":"2026-01-23T10:40:58","date_gmt":"2026-01-23T13:40:58","guid":{"rendered":"https:\/\/eldiariodesanpedro.com.ar\/sitio\/?p=147328"},"modified":"2026-01-23T10:56:58","modified_gmt":"2026-01-23T13:56:58","slug":"delincuentes-arrancaron-rejas-de-una-vivienda-durante-la-madrugada","status":"publish","type":"post","link":"https:\/\/eldiariodesanpedro.com.ar\/sitio\/delincuentes-arrancaron-rejas-de-una-vivienda-durante-la-madrugada\/","title":{"rendered":"Delincuentes arrancaron rejas de una vivienda durante la madrugada"},"content":{"rendered":"<!-- VideographyWP Plugin Message: Automatic video embedding prevented by plugin options. -->\n\n<p>Ocurri\u00f3 cerca de las 4 de la ma\u00f1ana en una casa de calle Liniers al 900, donde dos ladrones forzaron y robaron las rejas de ingreso sin que los moradores advirtieran la situaci\u00f3n.<\/p>\n\n\n\n<p>En horas de la <strong>madrugada de este viernes<\/strong>, <strong>dos delincuentes<\/strong> protagonizaron un <strong>hecho de inseguridad<\/strong> al <strong>robar las rejas<\/strong> que proteg\u00edan la <strong>puerta de ingreso de una vivienda<\/strong>. El episodio se registr\u00f3 alrededor de las <strong>4:00<\/strong> en un domicilio ubicado en <strong>calle Liniers al 900<\/strong>.<\/p>\n\n\n\n<p>Seg\u00fan relat\u00f3 la propietaria, <strong>los ladrones llegaron en una motocicleta<\/strong>, <strong>forzaron la reja<\/strong> y la <strong>arrancaron por completo<\/strong>, llev\u00e1ndosela del lugar. Adem\u00e1s, <strong>provocaron da\u00f1os<\/strong> en un sector lateral del <strong>port\u00f3n del garaje<\/strong>, generando destrozos en la estructura.<\/p>\n\n\n\n<p>La mujer cont\u00f3 que <strong>nadie en la casa escuch\u00f3 ruidos<\/strong>, pese a la cercan\u00eda del hecho. \u201c<strong>Mi hija de 10 a\u00f1os duerme en la habitaci\u00f3n que est\u00e1 al costado de la puerta de entrada y no sinti\u00f3 nada; nosotros tampoco con mi marido<\/strong>\u201d, expres\u00f3. Tras lo ocurrido, el due\u00f1o de casa <strong>debi\u00f3 salir a comprar hierro<\/strong> para colocar una nueva protecci\u00f3n, mientras que <strong>vecinos colaboraron con materiales<\/strong> para reparar los da\u00f1os. \u201c<strong>Los vecinos fueron muy solidarios<\/strong>\u201d, destac\u00f3 la damnificada.<\/p>\n\n\n\n<p>El hecho gener\u00f3 <strong>preocupaci\u00f3n en el barrio<\/strong>, ya que las rejas sustra\u00eddas cumpl\u00edan justamente la funci\u00f3n de <strong>impedir el ingreso a la vivienda<\/strong>, evidenciando el nivel de <strong>audacia<\/strong> con el que actuaron los delincuentes.<\/p>\n\n\n\n<p>#Inseguridad #Robo #HechoPolicial #Vecinos #Madrugada<\/p>\n\n\n\n<iframe data-src=\"https:\/\/www.facebook.com\/plugins\/video.php?height=476&#038;href=https%3A%2F%2Fwww.facebook.com%2Freel%2F2285548318620629%2F&#038;show_text=false&#038;width=380&#038;t=0\" width=\"380\" height=\"476\" style=\"border:none;overflow:hidden\" scrolling=\"no\" frameborder=\"0\" allowfullscreen=\"true\" allow=\"autoplay; clipboard-write; encrypted-media; picture-in-picture; web-share\" allowFullScreen=\"true\" src=\"data:image\/svg+xml;base64,PHN2ZyB3aWR0aD0iMSIgaGVpZ2h0PSIxIiB4bWxucz0iaHR0cDovL3d3dy53My5vcmcvMjAwMC9zdmciPjwvc3ZnPg==\" class=\"lazyload\" data-load-mode=\"1\"><\/iframe>\n","protected":false},"excerpt":{"rendered":"<p>Ocurri\u00f3 cerca de las 4 de la ma\u00f1ana en una casa de calle Liniers al 900, donde dos ladrones forzaron y robaron las rejas de ingreso sin que los moradores advirtieran la situaci\u00f3n. En horas de la madrugada de este viernes, dos delincuentes protagonizaron un hecho de inseguridad al robar las rejas que proteg\u00edan la [&hellip;]<\/p>\n","protected":false},"author":4,"featured_media":147329,"comment_status":"closed","ping_status":"closed","sticky":false,"template":"","format":"standard","meta":{"om_disable_all_campaigns":false,"_jetpack_memberships_contains_paid_content":false,"footnotes":""},"categories":[50,2,103],"tags":[8394,7421,8395,8218,8393],"class_list":["post-147328","post","type-post","status-publish","format-standard","has-post-thumbnail","hentry","category-destacadas","category-locales","category-policiales-locales","tag-danos-en-vivienda","tag-delincuentes-en-moto","tag-hecho-policial-madrugada","tag-inseguridad-barrial","tag-robo-de-rejas"],"aioseo_notices":[],"gutentor_comment":0,"jetpack_featured_media_url":"https:\/\/eldiariodesanpedro.com.ar\/sitio\/wp-content\/uploads\/2026\/01\/medida-1-7.jpg","jetpack_shortlink":"https:\/\/wp.me\/p6RhLt-Ckg","jetpack_sharing_enabled":true,"_links":{"self":[{"href":"https:\/\/eldiariodesanpedro.com.ar\/sitio\/wp-json\/wp\/v2\/posts\/147328","targetHints":{"allow":["GET"]}}],"collection":[{"href":"https:\/\/eldiariodesanpedro.com.ar\/sitio\/wp-json\/wp\/v2\/posts"}],"about":[{"href":"https:\/\/eldiariodesanpedro.com.ar\/sitio\/wp-json\/wp\/v2\/types\/post"}],"author":[{"embeddable":true,"href":"https:\/\/eldiariodesanpedro.com.ar\/sitio\/wp-json\/wp\/v2\/users\/4"}],"replies":[{"embeddable":true,"href":"https:\/\/eldiariodesanpedro.com.ar\/sitio\/wp-json\/wp\/v2\/comments?post=147328"}],"version-history":[{"count":2,"href":"https:\/\/eldiariodesanpedro.com.ar\/sitio\/wp-json\/wp\/v2\/posts\/147328\/revisions"}],"predecessor-version":[{"id":147332,"href":"https:\/\/eldiariodesanpedro.com.ar\/sitio\/wp-json\/wp\/v2\/posts\/147328\/revisions\/147332"}],"wp:featuredmedia":[{"embeddable":true,"href":"https:\/\/eldiariodesanpedro.com.ar\/sitio\/wp-json\/wp\/v2\/media\/147329"}],"wp:attachment":[{"href":"https:\/\/eldiariodesanpedro.com.ar\/sitio\/wp-json\/wp\/v2\/media?parent=147328"}],"wp:term":[{"taxonomy":"category","embeddable":true,"href":"https:\/\/eldiariodesanpedro.com.ar\/sitio\/wp-json\/wp\/v2\/categories?post=147328"},{"taxonomy":"post_tag","embeddable":true,"href":"https:\/\/eldiariodesanpedro.com.ar\/sitio\/wp-json\/wp\/v2\/tags?post=147328"}],"curies":[{"name":"wp","href":"https:\/\/api.w.org\/{rel}","templated":true}]}}