{"id":147313,"date":"2026-01-22T17:03:49","date_gmt":"2026-01-22T20:03:49","guid":{"rendered":"https:\/\/eldiariodesanpedro.com.ar\/sitio\/arrecifes-fuerte-colision-por-alcance-en-la-ruta-8\/"},"modified":"2026-01-22T17:03:49","modified_gmt":"2026-01-22T20:03:49","slug":"arrecifes-fuerte-colision-por-alcance-en-la-ruta-8","status":"publish","type":"post","link":"https:\/\/eldiariodesanpedro.com.ar\/sitio\/arrecifes-fuerte-colision-por-alcance-en-la-ruta-8\/","title":{"rendered":"ARRECIFES | Fuerte colisi\u00f3n por alcance en la ruta 8"},"content":{"rendered":"<p><!-- VideographyWP Plugin Message: Automatic video embedding prevented by plugin options. --><\/p>\n<p>Un <strong>grave incidente vial<\/strong> ocurri\u00f3 recientemente en la <strong>ruta 8<\/strong>, donde un veh\u00edculo impact\u00f3 violentamente contra otro que circulaba en el mismo sentido. El choque produjo <strong>considerables da\u00f1os materiales<\/strong>, aunque, seg\u00fan los primeros reportes, no se registraron v\u00edctimas fatales.<\/p>\n<p>El accidente tuvo lugar en una de las zonas m\u00e1s transitadas del corredor vial, lo que gener\u00f3 demoras en el tr\u00e1nsito y la intervenci\u00f3n de los servicios de emergencia locales para controlar la situaci\u00f3n y asistir a los implicados. Las autoridades realizaron peritajes para determinar las causas exactas del siniestro y reiteraron la importancia de mantener la distancia de seguridad entre los veh\u00edculos, especialmente en tramos de alta circulaci\u00f3n.<\/p>\n<p>Este nuevo episodio vuelve a poner en <strong>el foco la seguridad vial en la ruta 8<\/strong> y la necesidad de extremar las precauciones para evitar siniestros similares.<\/p>\n","protected":false},"excerpt":{"rendered":"<p>Un nuevo accidente por alcance en la ruta 8 dej\u00f3 cuantiosos da\u00f1os materiales y gener\u00f3 preocupaci\u00f3n entre los conductores.<\/p>\n","protected":false},"author":4,"featured_media":147312,"comment_status":"","ping_status":"","sticky":false,"template":"","format":"standard","meta":{"om_disable_all_campaigns":false,"_jetpack_memberships_contains_paid_content":false,"footnotes":""},"categories":[621],"tags":[],"class_list":["post-147313","post","type-post","status-publish","format-standard","has-post-thumbnail","hentry","category-regionales"],"aioseo_notices":[],"gutentor_comment":0,"jetpack_featured_media_url":"https:\/\/eldiariodesanpedro.com.ar\/sitio\/wp-content\/uploads\/2026\/01\/choque-un-auto-y-un-camion-colon-ruta-8-e1769027838653.webp","jetpack_shortlink":"https:\/\/wp.me\/p6RhLt-Ck1","jetpack_sharing_enabled":true,"_links":{"self":[{"href":"https:\/\/eldiariodesanpedro.com.ar\/sitio\/wp-json\/wp\/v2\/posts\/147313","targetHints":{"allow":["GET"]}}],"collection":[{"href":"https:\/\/eldiariodesanpedro.com.ar\/sitio\/wp-json\/wp\/v2\/posts"}],"about":[{"href":"https:\/\/eldiariodesanpedro.com.ar\/sitio\/wp-json\/wp\/v2\/types\/post"}],"author":[{"embeddable":true,"href":"https:\/\/eldiariodesanpedro.com.ar\/sitio\/wp-json\/wp\/v2\/users\/4"}],"replies":[{"embeddable":true,"href":"https:\/\/eldiariodesanpedro.com.ar\/sitio\/wp-json\/wp\/v2\/comments?post=147313"}],"version-history":[{"count":0,"href":"https:\/\/eldiariodesanpedro.com.ar\/sitio\/wp-json\/wp\/v2\/posts\/147313\/revisions"}],"wp:featuredmedia":[{"embeddable":true,"href":"https:\/\/eldiariodesanpedro.com.ar\/sitio\/wp-json\/wp\/v2\/media\/147312"}],"wp:attachment":[{"href":"https:\/\/eldiariodesanpedro.com.ar\/sitio\/wp-json\/wp\/v2\/media?parent=147313"}],"wp:term":[{"taxonomy":"category","embeddable":true,"href":"https:\/\/eldiariodesanpedro.com.ar\/sitio\/wp-json\/wp\/v2\/categories?post=147313"},{"taxonomy":"post_tag","embeddable":true,"href":"https:\/\/eldiariodesanpedro.com.ar\/sitio\/wp-json\/wp\/v2\/tags?post=147313"}],"curies":[{"name":"wp","href":"https:\/\/api.w.org\/{rel}","templated":true}]}}