{"id":147311,"date":"2026-01-22T17:13:10","date_gmt":"2026-01-22T20:13:10","guid":{"rendered":"https:\/\/eldiariodesanpedro.com.ar\/sitio\/?p=147311"},"modified":"2026-01-22T17:13:19","modified_gmt":"2026-01-22T20:13:19","slug":"un-ciudadano-salio-a-correr-y-fallecio-de-forma-repentina","status":"publish","type":"post","link":"https:\/\/eldiariodesanpedro.com.ar\/sitio\/un-ciudadano-salio-a-correr-y-fallecio-de-forma-repentina\/","title":{"rendered":"Un ciudadano sali\u00f3 a correr y falleci\u00f3 de forma repentina"},"content":{"rendered":"<!-- VideographyWP Plugin Message: Automatic video embedding prevented by plugin options. -->\n\n<p>El hecho ocurri\u00f3 en la tarde de este mi\u00e9rcoles en la zona de Lucio Mansilla al 7000, cuando el hombre se descompens\u00f3 mientras realizaba actividad f\u00edsica. La Justicia investiga las causas del deceso.<\/p>\n\n\n\n<p>En la tarde de este mi\u00e9rcoles se produjo un <strong>tr\u00e1gico episodio en la v\u00eda p\u00fablica<\/strong>, cuando <strong>un ciudadano falleci\u00f3 de manera repentina mientras realizaba actividad f\u00edsica<\/strong>. El hecho ocurri\u00f3 alrededor de las <strong>15:00 horas<\/strong>, en <strong>Lucio Mansilla al 7000<\/strong>, en inmediaciones del <strong>Apart Club<\/strong>.<\/p>\n\n\n\n<p>De acuerdo al testimonio de vecinos de la zona, <strong>el hombre se encontraba corriendo con fines deportivos y recreativos<\/strong> cuando <strong>se descompens\u00f3 de forma s\u00fabita y se desplom\u00f3 en la calle<\/strong>. Personas que circulaban por el lugar advirtieron la situaci\u00f3n y <strong>dieron aviso inmediato al servicio de emergencias 911<\/strong>, ya que el ciudadano <strong>se hallaba inconsciente y no respond\u00eda a est\u00edmulos<\/strong>.<\/p>\n\n\n\n<p>Minutos despu\u00e9s arrib\u00f3 una ambulancia del <strong>SAME<\/strong>, cuyo personal m\u00e9dico <strong>constat\u00f3 que el hombre ya se encontraba sin vida<\/strong>. Ante esta situaci\u00f3n, se dio intervenci\u00f3n a la <strong>Fiscal\u00eda de turno<\/strong>, que dispuso el <strong>traslado del cuerpo a la morgue local<\/strong>.<\/p>\n\n\n\n<p>La causa fue caratulada como <strong>\u201caveriguaci\u00f3n de causal de muerte\u201d<\/strong>, y se orden\u00f3 la <strong>realizaci\u00f3n de la autopsia<\/strong> para determinar <strong>las circunstancias y el motivo del fallecimiento<\/strong>.<\/p>\n\n\n\n<p>#SanPedro #Policiales #HechoTr\u00e1gico #Fallecimiento #V\u00edaP\u00fablica #SAME #Investigaci\u00f3nJudicial<\/p>\n","protected":false},"excerpt":{"rendered":"<p>El hecho ocurri\u00f3 en la tarde de este mi\u00e9rcoles en la zona de Lucio Mansilla al 7000, cuando el hombre se descompens\u00f3 mientras realizaba actividad f\u00edsica. La Justicia investiga las causas del deceso. En la tarde de este mi\u00e9rcoles se produjo un tr\u00e1gico episodio en la v\u00eda p\u00fablica, cuando un ciudadano falleci\u00f3 de manera repentina [&hellip;]<\/p>\n","protected":false},"author":4,"featured_media":147314,"comment_status":"closed","ping_status":"closed","sticky":false,"template":"","format":"standard","meta":{"om_disable_all_campaigns":false,"_jetpack_memberships_contains_paid_content":false,"footnotes":""},"categories":[50,2,103],"tags":[8385,1008,8386,8382,8384,8383,8381,1826],"class_list":["post-147311","post","type-post","status-publish","format-standard","has-post-thumbnail","hentry","category-destacadas","category-locales","category-policiales-locales","tag-actividad-fisica","tag-autopsia","tag-averiguacion-de-causal-de-muerte","tag-fallecimiento-repentino","tag-lucio-mansilla","tag-muerte-en-la-via-publica","tag-salio-a-correr-y-murio","tag-same"],"aioseo_notices":[],"gutentor_comment":0,"jetpack_featured_media_url":"https:\/\/eldiariodesanpedro.com.ar\/sitio\/wp-content\/uploads\/2026\/01\/POLICIA-CIENTIFICA.jpg","jetpack_shortlink":"https:\/\/wp.me\/p6RhLt-CjZ","jetpack_sharing_enabled":true,"_links":{"self":[{"href":"https:\/\/eldiariodesanpedro.com.ar\/sitio\/wp-json\/wp\/v2\/posts\/147311","targetHints":{"allow":["GET"]}}],"collection":[{"href":"https:\/\/eldiariodesanpedro.com.ar\/sitio\/wp-json\/wp\/v2\/posts"}],"about":[{"href":"https:\/\/eldiariodesanpedro.com.ar\/sitio\/wp-json\/wp\/v2\/types\/post"}],"author":[{"embeddable":true,"href":"https:\/\/eldiariodesanpedro.com.ar\/sitio\/wp-json\/wp\/v2\/users\/4"}],"replies":[{"embeddable":true,"href":"https:\/\/eldiariodesanpedro.com.ar\/sitio\/wp-json\/wp\/v2\/comments?post=147311"}],"version-history":[{"count":1,"href":"https:\/\/eldiariodesanpedro.com.ar\/sitio\/wp-json\/wp\/v2\/posts\/147311\/revisions"}],"predecessor-version":[{"id":147315,"href":"https:\/\/eldiariodesanpedro.com.ar\/sitio\/wp-json\/wp\/v2\/posts\/147311\/revisions\/147315"}],"wp:featuredmedia":[{"embeddable":true,"href":"https:\/\/eldiariodesanpedro.com.ar\/sitio\/wp-json\/wp\/v2\/media\/147314"}],"wp:attachment":[{"href":"https:\/\/eldiariodesanpedro.com.ar\/sitio\/wp-json\/wp\/v2\/media?parent=147311"}],"wp:term":[{"taxonomy":"category","embeddable":true,"href":"https:\/\/eldiariodesanpedro.com.ar\/sitio\/wp-json\/wp\/v2\/categories?post=147311"},{"taxonomy":"post_tag","embeddable":true,"href":"https:\/\/eldiariodesanpedro.com.ar\/sitio\/wp-json\/wp\/v2\/tags?post=147311"}],"curies":[{"name":"wp","href":"https:\/\/api.w.org\/{rel}","templated":true}]}}