{"id":147310,"date":"2026-01-22T16:43:22","date_gmt":"2026-01-22T19:43:22","guid":{"rendered":"https:\/\/eldiariodesanpedro.com.ar\/sitio\/san-nicolas-allanamiento-en-la-unidad-penal-3-por-estafa-con-lotes-vendidos-en-redes-sociales\/"},"modified":"2026-01-22T16:43:22","modified_gmt":"2026-01-22T19:43:22","slug":"san-nicolas-allanamiento-en-la-unidad-penal-3-por-estafa-con-lotes-vendidos-en-redes-sociales","status":"publish","type":"post","link":"https:\/\/eldiariodesanpedro.com.ar\/sitio\/san-nicolas-allanamiento-en-la-unidad-penal-3-por-estafa-con-lotes-vendidos-en-redes-sociales\/","title":{"rendered":"SAN NICOL\u00c1S | Allanamiento en la Unidad Penal 3 por estafa con lotes vendidos en redes sociales"},"content":{"rendered":"<p><!-- VideographyWP Plugin Message: Automatic video embedding prevented by plugin options. --><\/p>\n<p>Un operativo realizado en la <strong>Unidad Penal N\u00b03 de San Nicol\u00e1s<\/strong> permiti\u00f3 avanzar en una investigaci\u00f3n por <strong>estafa vinculada a la venta de terrenos ofrecidos de manera fraudulenta en redes sociales<\/strong>. La causa se origin\u00f3 tras denuncias de enga\u00f1o en la plataforma Marketplace de Facebook, donde se promocionaban lotes que en realidad no estaban a la venta.<\/p>\n<p>La investigaci\u00f3n comenz\u00f3 en <strong>junio de 2025<\/strong>, luego de que el apoderado legal de una empresa de Tigre denunciara que terceros ofrec\u00edan terrenos pertenecientes a la firma sin contar con autorizaci\u00f3n ni v\u00ednculos con la misma. Las publicaciones inclu\u00edan im\u00e1genes, descripciones y valores, generando confusi\u00f3n entre potenciales compradores. Varios damnificados aseguraron haber comprado estos supuestos lotes, reclamando luego su propiedad.<\/p>\n<p>Ante la gravedad y el n\u00famero de personas afectadas, la fiscal\u00eda de la <strong>Unidad Funcional de Instrucci\u00f3n de Benav\u00eddez<\/strong> dispuso diversas medidas, entre ellas el an\u00e1lisis de im\u00e1genes, el relevamiento de perfiles en redes sociales y la toma de testimonios para reconstruir el circuito delictivo.<\/p>\n<p>La pesquisa permiti\u00f3 comprobar que la maniobra fraudulenta habr\u00eda sido organizada desde el interior de una prisi\u00f3n, lo que motiv\u00f3 el pedido de allanamiento en una <strong>unidad carcelaria de San Nicol\u00e1s<\/strong>. En las \u00faltimas horas, polic\u00edas realizaron un procedimiento en la Unidad Penal N\u00b03, ubicada en avenida Savio 1072. El registro se concret\u00f3 en una celda del pabell\u00f3n 5, donde se secuestr\u00f3 un tel\u00e9fono celular, considerado fundamental para la causa.<\/p>\n<p>Como resultado del operativo, un interno recibi\u00f3 la notificaci\u00f3n de imputaci\u00f3n por <strong>\u201cestafa\u201d<\/strong>. La investigaci\u00f3n contin\u00faa con el an\u00e1lisis del material incautado y no se descartan nuevas medidas ni la posible implicaci\u00f3n de otras personas.<\/p>\n","protected":false},"excerpt":{"rendered":"<p>Investigan una estafa con lotes ofrecidos en Facebook desde la c\u00e1rcel de San Nicol\u00e1s. Secuestraron un tel\u00e9fono y notificaron a un interno.<\/p>\n","protected":false},"author":4,"featured_media":147309,"comment_status":"","ping_status":"","sticky":false,"template":"","format":"standard","meta":{"om_disable_all_campaigns":false,"_jetpack_memberships_contains_paid_content":false,"footnotes":""},"categories":[621],"tags":[],"class_list":["post-147310","post","type-post","status-publish","format-standard","has-post-thumbnail","hentry","category-regionales"],"aioseo_notices":[],"gutentor_comment":0,"jetpack_featured_media_url":"https:\/\/eldiariodesanpedro.com.ar\/sitio\/wp-content\/uploads\/2026\/01\/8-up3.jpg","jetpack_shortlink":"https:\/\/wp.me\/p6RhLt-CjY","jetpack_sharing_enabled":true,"_links":{"self":[{"href":"https:\/\/eldiariodesanpedro.com.ar\/sitio\/wp-json\/wp\/v2\/posts\/147310","targetHints":{"allow":["GET"]}}],"collection":[{"href":"https:\/\/eldiariodesanpedro.com.ar\/sitio\/wp-json\/wp\/v2\/posts"}],"about":[{"href":"https:\/\/eldiariodesanpedro.com.ar\/sitio\/wp-json\/wp\/v2\/types\/post"}],"author":[{"embeddable":true,"href":"https:\/\/eldiariodesanpedro.com.ar\/sitio\/wp-json\/wp\/v2\/users\/4"}],"replies":[{"embeddable":true,"href":"https:\/\/eldiariodesanpedro.com.ar\/sitio\/wp-json\/wp\/v2\/comments?post=147310"}],"version-history":[{"count":0,"href":"https:\/\/eldiariodesanpedro.com.ar\/sitio\/wp-json\/wp\/v2\/posts\/147310\/revisions"}],"wp:featuredmedia":[{"embeddable":true,"href":"https:\/\/eldiariodesanpedro.com.ar\/sitio\/wp-json\/wp\/v2\/media\/147309"}],"wp:attachment":[{"href":"https:\/\/eldiariodesanpedro.com.ar\/sitio\/wp-json\/wp\/v2\/media?parent=147310"}],"wp:term":[{"taxonomy":"category","embeddable":true,"href":"https:\/\/eldiariodesanpedro.com.ar\/sitio\/wp-json\/wp\/v2\/categories?post=147310"},{"taxonomy":"post_tag","embeddable":true,"href":"https:\/\/eldiariodesanpedro.com.ar\/sitio\/wp-json\/wp\/v2\/tags?post=147310"}],"curies":[{"name":"wp","href":"https:\/\/api.w.org\/{rel}","templated":true}]}}