{"id":14731,"date":"2017-02-15T17:29:35","date_gmt":"2017-02-15T20:29:35","guid":{"rendered":"https:\/\/eldiariodesanpedro.com.ar\/sitio\/?p=14731"},"modified":"2017-02-15T17:29:35","modified_gmt":"2017-02-15T20:29:35","slug":"se-aprehendio-una-persona-que-agredio-a-un-vecino-y-portaba-un-arma","status":"publish","type":"post","link":"https:\/\/eldiariodesanpedro.com.ar\/sitio\/se-aprehendio-una-persona-que-agredio-a-un-vecino-y-portaba-un-arma\/","title":{"rendered":"Se aprehendi\u00f3 una persona que agredi\u00f3 a un vecino y portaba un arma"},"content":{"rendered":"<p><!-- VideographyWP Plugin Message: Automatic video embedding prevented by plugin options. --><br \/>\nEl d\u00eda de ayer alrededor de las 22:30 hs a ra\u00edz de un llamado telef\u00f3nico al servicio 101 personal de la comisaria local de San Pedro se dirigi\u00f3 a calle Benefactora Sampedrina entre Balcarce y General Pueyrredon procedi\u00f3 a la aprehensi\u00f3n de un joven mayor de edad con un frondoso antecedentes penales quien se encontraba d\u00e1ndose a la fuga portando en sus manos un arma de fuego luego de agredir f\u00edsicamente a un vecino, el que resulto lesionado.<\/p>\n","protected":false},"excerpt":{"rendered":"<p>El d\u00eda de ayer alrededor de las 22:30 hs a ra\u00edz de un llamado telef\u00f3nico al servicio 101 personal de la comisaria local de San Pedro se dirigi\u00f3 a calle Benefactora Sampedrina entre Balcarce y General Pueyrredon procedi\u00f3 a la aprehensi\u00f3n de un joven mayor de edad con un frondoso antecedentes penales quien se encontraba [&hellip;]<\/p>\n","protected":false},"author":4,"featured_media":8212,"comment_status":"open","ping_status":"closed","sticky":false,"template":"","format":"standard","meta":{"om_disable_all_campaigns":false,"_jetpack_memberships_contains_paid_content":false,"footnotes":""},"categories":[2,103],"tags":[],"class_list":["post-14731","post","type-post","status-publish","format-standard","has-post-thumbnail","hentry","category-locales","category-policiales-locales"],"aioseo_notices":[],"gutentor_comment":0,"jetpack_featured_media_url":"https:\/\/eldiariodesanpedro.com.ar\/sitio\/wp-content\/uploads\/2016\/09\/arma-de-fuego.jpg","jetpack_shortlink":"https:\/\/wp.me\/p6RhLt-3PB","jetpack_sharing_enabled":true,"_links":{"self":[{"href":"https:\/\/eldiariodesanpedro.com.ar\/sitio\/wp-json\/wp\/v2\/posts\/14731","targetHints":{"allow":["GET"]}}],"collection":[{"href":"https:\/\/eldiariodesanpedro.com.ar\/sitio\/wp-json\/wp\/v2\/posts"}],"about":[{"href":"https:\/\/eldiariodesanpedro.com.ar\/sitio\/wp-json\/wp\/v2\/types\/post"}],"author":[{"embeddable":true,"href":"https:\/\/eldiariodesanpedro.com.ar\/sitio\/wp-json\/wp\/v2\/users\/4"}],"replies":[{"embeddable":true,"href":"https:\/\/eldiariodesanpedro.com.ar\/sitio\/wp-json\/wp\/v2\/comments?post=14731"}],"version-history":[{"count":1,"href":"https:\/\/eldiariodesanpedro.com.ar\/sitio\/wp-json\/wp\/v2\/posts\/14731\/revisions"}],"predecessor-version":[{"id":14732,"href":"https:\/\/eldiariodesanpedro.com.ar\/sitio\/wp-json\/wp\/v2\/posts\/14731\/revisions\/14732"}],"wp:featuredmedia":[{"embeddable":true,"href":"https:\/\/eldiariodesanpedro.com.ar\/sitio\/wp-json\/wp\/v2\/media\/8212"}],"wp:attachment":[{"href":"https:\/\/eldiariodesanpedro.com.ar\/sitio\/wp-json\/wp\/v2\/media?parent=14731"}],"wp:term":[{"taxonomy":"category","embeddable":true,"href":"https:\/\/eldiariodesanpedro.com.ar\/sitio\/wp-json\/wp\/v2\/categories?post=14731"},{"taxonomy":"post_tag","embeddable":true,"href":"https:\/\/eldiariodesanpedro.com.ar\/sitio\/wp-json\/wp\/v2\/tags?post=14731"}],"curies":[{"name":"wp","href":"https:\/\/api.w.org\/{rel}","templated":true}]}}