{"id":147301,"date":"2026-01-22T16:03:26","date_gmt":"2026-01-22T19:03:26","guid":{"rendered":"https:\/\/eldiariodesanpedro.com.ar\/sitio\/ramallo-controversia-por-el-apoyo-municipal-a-un-festival-de-rock-privado\/"},"modified":"2026-01-22T16:03:26","modified_gmt":"2026-01-22T19:03:26","slug":"ramallo-controversia-por-el-apoyo-municipal-a-un-festival-de-rock-privado","status":"publish","type":"post","link":"https:\/\/eldiariodesanpedro.com.ar\/sitio\/ramallo-controversia-por-el-apoyo-municipal-a-un-festival-de-rock-privado\/","title":{"rendered":"RAMALLO | Controversia Por El Apoyo Municipal A Un Festival De Rock Privado"},"content":{"rendered":"<p><!-- VideographyWP Plugin Message: Automatic video embedding prevented by plugin options. --><\/p>\n<p>Un festival de rock previsto para este s\u00e1bado en <strong>la costa de Ramallo<\/strong> volvi\u00f3 a poner sobre la mesa la controversia en torno a la participaci\u00f3n del gobierno local en espect\u00e1culos organizados por empresas privadas. La programaci\u00f3n incluye la presencia de <strong>bandas nacionales y entrada libre<\/strong>, lo que ha intensificado el an\u00e1lisis sobre c\u00f3mo y hasta d\u00f3nde deber\u00eda intervenir el Estado municipal en este tipo de eventos, especialmente en un contexto econ\u00f3mico exigente.<\/p>\n<p>A pesar de que la organizaci\u00f3n principal del espect\u00e1culo est\u00e1 a cargo de una productora privada, desde el <strong>Municipio confirmaron la cobertura de \u00e1reas esenciales<\/strong> para el desarrollo del festival: <strong>seguridad, limpieza, mantenimiento del espacio y atenci\u00f3n de emergencias<\/strong>. Esta asistencia implica el despliegue de recursos humanos, m\u00f3viles e insumos costeados con <strong>fondos p\u00fablicos<\/strong>, hecho que suscit\u00f3 cr\u00edticas entre vecinos y distintos actores de la comunidad.<\/p>\n<p>Hasta el momento, no se dieron a conocer <strong>cifras oficiales<\/strong> acerca del costo operativo ni del desembolso que significar\u00e1 para la administraci\u00f3n local garantizar los servicios requeridos. Tampoco se ha informado si existe alg\u00fan tipo de acuerdo, canon o compensaci\u00f3n financiera a cambio de utilizar el <strong>Parador Municipal<\/strong>, uno de los principales espacios p\u00fablicos de la localidad. La falta de precisiones en este sentido ha incrementado el descontento y las sospechas por la ausencia de transparencia en la gesti\u00f3n.<\/p>\n<p>Las cr\u00edticas recaen espec\u00edficamente sobre la gesti\u00f3n del <strong>intendente Mauro Poletti<\/strong> y del <strong>director de Cultura, Mart\u00edn Paccioni<\/strong>, en particular por no brindar un esquema claro de los costos asumidos. En un escenario de recesi\u00f3n, con reiterados reclamos por la mejora de servicios b\u00e1sicos y la respuesta social, representantes locales se\u00f1alan la importancia de planificar la promoci\u00f3n cultural en base a prioridades y con obligaci\u00f3n de rendir cuentas.<\/p>\n<p>Aunque la expectativa que genera el festival es alta desde lo art\u00edstico, la discusi\u00f3n actual gira en torno a la utilizaci\u00f3n de recursos p\u00fablicos, la incertidumbre sobre los gastos y la funci\u00f3n que cumple el Estado municipal en iniciativas privadas, en un contexto que demanda prudencia y transparencia en el manejo del presupuesto.<\/p>\n","protected":false},"excerpt":{"rendered":"<p>El evento genera debate por la utilizaci\u00f3n de recursos p\u00fablicos, la falta de detalles sobre gastos y el papel del Municipio en su organizaci\u00f3n.<\/p>\n","protected":false},"author":4,"featured_media":147300,"comment_status":"","ping_status":"","sticky":false,"template":"","format":"standard","meta":{"om_disable_all_campaigns":false,"_jetpack_memberships_contains_paid_content":false,"footnotes":""},"categories":[621],"tags":[],"class_list":["post-147301","post","type-post","status-publish","format-standard","has-post-thumbnail","hentry","category-regionales"],"aioseo_notices":[],"gutentor_comment":0,"jetpack_featured_media_url":"https:\/\/eldiariodesanpedro.com.ar\/sitio\/wp-content\/uploads\/2026\/01\/parador-munic-1-1.jpg","jetpack_shortlink":"https:\/\/wp.me\/p6RhLt-CjP","jetpack_sharing_enabled":true,"_links":{"self":[{"href":"https:\/\/eldiariodesanpedro.com.ar\/sitio\/wp-json\/wp\/v2\/posts\/147301","targetHints":{"allow":["GET"]}}],"collection":[{"href":"https:\/\/eldiariodesanpedro.com.ar\/sitio\/wp-json\/wp\/v2\/posts"}],"about":[{"href":"https:\/\/eldiariodesanpedro.com.ar\/sitio\/wp-json\/wp\/v2\/types\/post"}],"author":[{"embeddable":true,"href":"https:\/\/eldiariodesanpedro.com.ar\/sitio\/wp-json\/wp\/v2\/users\/4"}],"replies":[{"embeddable":true,"href":"https:\/\/eldiariodesanpedro.com.ar\/sitio\/wp-json\/wp\/v2\/comments?post=147301"}],"version-history":[{"count":0,"href":"https:\/\/eldiariodesanpedro.com.ar\/sitio\/wp-json\/wp\/v2\/posts\/147301\/revisions"}],"wp:featuredmedia":[{"embeddable":true,"href":"https:\/\/eldiariodesanpedro.com.ar\/sitio\/wp-json\/wp\/v2\/media\/147300"}],"wp:attachment":[{"href":"https:\/\/eldiariodesanpedro.com.ar\/sitio\/wp-json\/wp\/v2\/media?parent=147301"}],"wp:term":[{"taxonomy":"category","embeddable":true,"href":"https:\/\/eldiariodesanpedro.com.ar\/sitio\/wp-json\/wp\/v2\/categories?post=147301"},{"taxonomy":"post_tag","embeddable":true,"href":"https:\/\/eldiariodesanpedro.com.ar\/sitio\/wp-json\/wp\/v2\/tags?post=147301"}],"curies":[{"name":"wp","href":"https:\/\/api.w.org\/{rel}","templated":true}]}}