{"id":147278,"date":"2026-01-22T12:50:22","date_gmt":"2026-01-22T15:50:22","guid":{"rendered":"https:\/\/eldiariodesanpedro.com.ar\/sitio\/?p=147278"},"modified":"2026-01-22T13:03:10","modified_gmt":"2026-01-22T16:03:10","slug":"un-robo-quedo-registrado-por-camaras-de-seguridad-en-una-vivienda","status":"publish","type":"post","link":"https:\/\/eldiariodesanpedro.com.ar\/sitio\/un-robo-quedo-registrado-por-camaras-de-seguridad-en-una-vivienda\/","title":{"rendered":"Un robo qued\u00f3 registrado por c\u00e1maras de seguridad en una vivienda"},"content":{"rendered":"<!-- VideographyWP Plugin Message: Automatic video embedding prevented by plugin options. -->\n\n<p>Dos delincuentes fueron captados por c\u00e1maras cuando sustrajo sillas pl\u00e1sticas de una casa en calle Las Heras al 800 durante la noche del mi\u00e9rcoles.<\/p>\n\n\n\n<p>Durante la <strong>madrugada de hoy<\/strong>, un <strong>hecho de inseguridad<\/strong> qued\u00f3 expuesto a trav\u00e9s de <strong>im\u00e1genes de una c\u00e1mara de seguridad<\/strong> que registraron el momento en el que <strong>un delincuente sustrae sillas pl\u00e1sticas del interior de una vivienda<\/strong>.<\/p>\n\n\n\n<p>El episodio ocurri\u00f3 en una <strong>casa ubicada sobre calle Las Heras al 800<\/strong>, donde se observa que<strong> este jueves por alrededor de las 02:00 el individuo ingresa al domicilio y se lleva una silla plastica de jardin sin ejercer violencia visible<\/strong>, miestras su compa\u00f1ero hace de campana.<\/p>\n\n\n\n<p>Tal como sucede en <strong>muchos hechos similares<\/strong>, la situaci\u00f3n qued\u00f3 registrada por los <strong>sistemas de videovigilancia particulares<\/strong>. Si bien <strong>el propietario a\u00fan no habr\u00eda radicado la denuncia correspondiente<\/strong>, decidi\u00f3 <strong>difundir el video a trav\u00e9s de redes sociales<\/strong> con el objetivo de alertar a vecinos y visibilizar lo ocurrido.<\/p>\n\n\n\n<p>#Robo #Inseguridad #C\u00e1marasDeSeguridad #HechoDelictivo #VecinosAlertas #LasHeras<\/p>\n\n\n\n<iframe data-src=\"https:\/\/www.facebook.com\/plugins\/video.php?height=476&#038;href=https%3A%2F%2Fwww.facebook.com%2Freel%2F4194649437466268%2F&#038;show_text=false&#038;width=476&#038;t=0\" width=\"476\" height=\"476\" style=\"border:none;overflow:hidden\" scrolling=\"no\" frameborder=\"0\" allowfullscreen=\"true\" allow=\"autoplay; clipboard-write; encrypted-media; picture-in-picture; web-share\" allowFullScreen=\"true\" src=\"data:image\/svg+xml;base64,PHN2ZyB3aWR0aD0iMSIgaGVpZ2h0PSIxIiB4bWxucz0iaHR0cDovL3d3dy53My5vcmcvMjAwMC9zdmciPjwvc3ZnPg==\" class=\"lazyload\" data-load-mode=\"1\"><\/iframe>\n","protected":false},"excerpt":{"rendered":"<p>Dos delincuentes fueron captados por c\u00e1maras cuando sustrajo sillas pl\u00e1sticas de una casa en calle Las Heras al 800 durante la noche del mi\u00e9rcoles. Durante la madrugada de hoy, un hecho de inseguridad qued\u00f3 expuesto a trav\u00e9s de im\u00e1genes de una c\u00e1mara de seguridad que registraron el momento en el que un delincuente sustrae sillas [&hellip;]<\/p>\n","protected":false},"author":4,"featured_media":147279,"comment_status":"closed","ping_status":"closed","sticky":false,"template":"","format":"standard","meta":{"om_disable_all_campaigns":false,"_jetpack_memberships_contains_paid_content":false,"footnotes":""},"categories":[50,2,103],"tags":[3972,8366,8218,7458,8365,8367],"class_list":["post-147278","post","type-post","status-publish","format-standard","has-post-thumbnail","hentry","category-destacadas","category-locales","category-policiales-locales","tag-camaras-de-seguridad","tag-hecho-delictivo","tag-inseguridad-barrial","tag-robo-en-vivienda","tag-sillas-plasticas-robadas","tag-video-de-robo"],"aioseo_notices":[],"gutentor_comment":0,"jetpack_featured_media_url":"https:\/\/eldiariodesanpedro.com.ar\/sitio\/wp-content\/uploads\/2026\/01\/Snapshot_1-1.jpg","jetpack_shortlink":"https:\/\/wp.me\/p6RhLt-Cjs","jetpack_sharing_enabled":true,"_links":{"self":[{"href":"https:\/\/eldiariodesanpedro.com.ar\/sitio\/wp-json\/wp\/v2\/posts\/147278","targetHints":{"allow":["GET"]}}],"collection":[{"href":"https:\/\/eldiariodesanpedro.com.ar\/sitio\/wp-json\/wp\/v2\/posts"}],"about":[{"href":"https:\/\/eldiariodesanpedro.com.ar\/sitio\/wp-json\/wp\/v2\/types\/post"}],"author":[{"embeddable":true,"href":"https:\/\/eldiariodesanpedro.com.ar\/sitio\/wp-json\/wp\/v2\/users\/4"}],"replies":[{"embeddable":true,"href":"https:\/\/eldiariodesanpedro.com.ar\/sitio\/wp-json\/wp\/v2\/comments?post=147278"}],"version-history":[{"count":2,"href":"https:\/\/eldiariodesanpedro.com.ar\/sitio\/wp-json\/wp\/v2\/posts\/147278\/revisions"}],"predecessor-version":[{"id":147281,"href":"https:\/\/eldiariodesanpedro.com.ar\/sitio\/wp-json\/wp\/v2\/posts\/147278\/revisions\/147281"}],"wp:featuredmedia":[{"embeddable":true,"href":"https:\/\/eldiariodesanpedro.com.ar\/sitio\/wp-json\/wp\/v2\/media\/147279"}],"wp:attachment":[{"href":"https:\/\/eldiariodesanpedro.com.ar\/sitio\/wp-json\/wp\/v2\/media?parent=147278"}],"wp:term":[{"taxonomy":"category","embeddable":true,"href":"https:\/\/eldiariodesanpedro.com.ar\/sitio\/wp-json\/wp\/v2\/categories?post=147278"},{"taxonomy":"post_tag","embeddable":true,"href":"https:\/\/eldiariodesanpedro.com.ar\/sitio\/wp-json\/wp\/v2\/tags?post=147278"}],"curies":[{"name":"wp","href":"https:\/\/api.w.org\/{rel}","templated":true}]}}