{"id":147272,"date":"2026-01-22T11:49:58","date_gmt":"2026-01-22T14:49:58","guid":{"rendered":"https:\/\/eldiariodesanpedro.com.ar\/sitio\/?p=147272"},"modified":"2026-01-22T11:50:03","modified_gmt":"2026-01-22T14:50:03","slug":"accidente-de-transito-entre-dos-motocicletas-sin-heridos","status":"publish","type":"post","link":"https:\/\/eldiariodesanpedro.com.ar\/sitio\/accidente-de-transito-entre-dos-motocicletas-sin-heridos\/","title":{"rendered":"Accidente de tr\u00e1nsito entre dos motocicletas sin heridos"},"content":{"rendered":"<!-- VideographyWP Plugin Message: Automatic video embedding prevented by plugin options. -->\n\n<p>Dos motos colisionaron en una esquina c\u00e9ntrica durante la tarde. <strong>No se registraron personas lesionadas<\/strong>, solo da\u00f1os materiales.<\/p>\n\n\n\n<p>Durante la tarde de ayer se produjo un <strong>accidente de tr\u00e1nsito<\/strong> en la intersecci\u00f3n de <strong>Lucio Mansilla y Belgrano<\/strong>, donde <strong>colisionaron dos motocicletas<\/strong> por causas que se intentan establecer. El siniestro involucr\u00f3 a una <strong>Zanella 110 c.c. de color negro<\/strong>, conducida por un <strong>joven de 20 a\u00f1os<\/strong>, y una <strong>Honda 150 c.c. de color bordo<\/strong>, guiada por un <strong>hombre de 34 a\u00f1os<\/strong>, quien llevaba como acompa\u00f1ante a una <strong>mujer de 27 a\u00f1os<\/strong>.<\/p>\n\n\n\n<p>Tras el impacto, <strong>no se registraron personas lesionadas<\/strong>, confirmaron fuentes intervinientes, aunque <strong>ambos rodados sufrieron da\u00f1os materiales<\/strong>. El tr\u00e1nsito en la zona se vio moment\u00e1neamente afectado hasta la normalizaci\u00f3n de la circulaci\u00f3n.<\/p>\n\n\n\n<p>#AccidenteDeTransito #SeguridadVial #Motocicletas #Transito #PrevencionVial<\/p>\n","protected":false},"excerpt":{"rendered":"<p>Dos motos colisionaron en una esquina c\u00e9ntrica durante la tarde. No se registraron personas lesionadas, solo da\u00f1os materiales. Durante la tarde de ayer se produjo un accidente de tr\u00e1nsito en la intersecci\u00f3n de Lucio Mansilla y Belgrano, donde colisionaron dos motocicletas por causas que se intentan establecer. El siniestro involucr\u00f3 a una Zanella 110 c.c. [&hellip;]<\/p>\n","protected":false},"author":4,"featured_media":147273,"comment_status":"closed","ping_status":"closed","sticky":false,"template":"","format":"standard","meta":{"om_disable_all_campaigns":false,"_jetpack_memberships_contains_paid_content":false,"footnotes":""},"categories":[50,2,103],"tags":[3612,8364,3730,6913,2761],"class_list":["post-147272","post","type-post","status-publish","format-standard","has-post-thumbnail","hentry","category-destacadas","category-locales","category-policiales-locales","tag-accidente-de-transito-2","tag-choque-de-motos","tag-danos-materiales","tag-motociclistas","tag-seguridad-vial"],"aioseo_notices":[],"gutentor_comment":0,"jetpack_featured_media_url":"https:\/\/eldiariodesanpedro.com.ar\/sitio\/wp-content\/uploads\/2026\/01\/medida-1-5.jpg","jetpack_shortlink":"https:\/\/wp.me\/p6RhLt-Cjm","jetpack_sharing_enabled":true,"_links":{"self":[{"href":"https:\/\/eldiariodesanpedro.com.ar\/sitio\/wp-json\/wp\/v2\/posts\/147272","targetHints":{"allow":["GET"]}}],"collection":[{"href":"https:\/\/eldiariodesanpedro.com.ar\/sitio\/wp-json\/wp\/v2\/posts"}],"about":[{"href":"https:\/\/eldiariodesanpedro.com.ar\/sitio\/wp-json\/wp\/v2\/types\/post"}],"author":[{"embeddable":true,"href":"https:\/\/eldiariodesanpedro.com.ar\/sitio\/wp-json\/wp\/v2\/users\/4"}],"replies":[{"embeddable":true,"href":"https:\/\/eldiariodesanpedro.com.ar\/sitio\/wp-json\/wp\/v2\/comments?post=147272"}],"version-history":[{"count":1,"href":"https:\/\/eldiariodesanpedro.com.ar\/sitio\/wp-json\/wp\/v2\/posts\/147272\/revisions"}],"predecessor-version":[{"id":147274,"href":"https:\/\/eldiariodesanpedro.com.ar\/sitio\/wp-json\/wp\/v2\/posts\/147272\/revisions\/147274"}],"wp:featuredmedia":[{"embeddable":true,"href":"https:\/\/eldiariodesanpedro.com.ar\/sitio\/wp-json\/wp\/v2\/media\/147273"}],"wp:attachment":[{"href":"https:\/\/eldiariodesanpedro.com.ar\/sitio\/wp-json\/wp\/v2\/media?parent=147272"}],"wp:term":[{"taxonomy":"category","embeddable":true,"href":"https:\/\/eldiariodesanpedro.com.ar\/sitio\/wp-json\/wp\/v2\/categories?post=147272"},{"taxonomy":"post_tag","embeddable":true,"href":"https:\/\/eldiariodesanpedro.com.ar\/sitio\/wp-json\/wp\/v2\/tags?post=147272"}],"curies":[{"name":"wp","href":"https:\/\/api.w.org\/{rel}","templated":true}]}}