{"id":14727,"date":"2017-02-15T16:55:42","date_gmt":"2017-02-15T19:55:42","guid":{"rendered":"https:\/\/eldiariodesanpedro.com.ar\/sitio\/?p=14727"},"modified":"2017-02-15T16:55:42","modified_gmt":"2017-02-15T19:55:42","slug":"realizaba-maniobras-peligrosa-en-su-moto-y-fue-aprehendido","status":"publish","type":"post","link":"https:\/\/eldiariodesanpedro.com.ar\/sitio\/realizaba-maniobras-peligrosa-en-su-moto-y-fue-aprehendido\/","title":{"rendered":"Realizaba maniobras peligrosa en su moto y fue aprehendido"},"content":{"rendered":"<p><!-- VideographyWP Plugin Message: Automatic video embedding prevented by plugin options. --><br \/>\nPersonal policial de la comisar\u00eda local de nuestra ciudad en conjunto con policia local,  el d\u00eda de ayer alrededor de las 19:00 hs en el paseo p\u00fablico de nuestra ciudad procedieron a la aprehensi\u00f3n de un joven mayor de edad quien minutos antes realizaba maniobras peligrosas a bordo de su motocicleta frente a los uniformados y al momento de tratar de detenerlo para poder identificarlo intento colisionar a los uniformados con su rodado. El personal result\u00f3 ileso y se labr\u00f3 acta de infracci\u00f3n de tr\u00e1nsito sobre el veh\u00edculo por parte de inspecci\u00f3n municipal. Intervino la UFI N\u00b05.<\/p>\n","protected":false},"excerpt":{"rendered":"<p>Personal policial de la comisar\u00eda local de nuestra ciudad en conjunto con policia local, el d\u00eda de ayer alrededor de las 19:00 hs en el paseo p\u00fablico de nuestra ciudad procedieron a la aprehensi\u00f3n de un joven mayor de edad quien minutos antes realizaba maniobras peligrosas a bordo de su motocicleta frente a los uniformados [&hellip;]<\/p>\n","protected":false},"author":4,"featured_media":1378,"comment_status":"open","ping_status":"closed","sticky":false,"template":"","format":"standard","meta":{"om_disable_all_campaigns":false,"_jetpack_memberships_contains_paid_content":false,"footnotes":""},"categories":[2,103],"tags":[],"class_list":["post-14727","post","type-post","status-publish","format-standard","has-post-thumbnail","hentry","category-locales","category-policiales-locales"],"aioseo_notices":[],"gutentor_comment":0,"jetpack_featured_media_url":"https:\/\/eldiariodesanpedro.com.ar\/sitio\/wp-content\/uploads\/2015\/12\/detenido-esposado-620x413.jpg","jetpack_shortlink":"https:\/\/wp.me\/p6RhLt-3Px","jetpack_sharing_enabled":true,"_links":{"self":[{"href":"https:\/\/eldiariodesanpedro.com.ar\/sitio\/wp-json\/wp\/v2\/posts\/14727","targetHints":{"allow":["GET"]}}],"collection":[{"href":"https:\/\/eldiariodesanpedro.com.ar\/sitio\/wp-json\/wp\/v2\/posts"}],"about":[{"href":"https:\/\/eldiariodesanpedro.com.ar\/sitio\/wp-json\/wp\/v2\/types\/post"}],"author":[{"embeddable":true,"href":"https:\/\/eldiariodesanpedro.com.ar\/sitio\/wp-json\/wp\/v2\/users\/4"}],"replies":[{"embeddable":true,"href":"https:\/\/eldiariodesanpedro.com.ar\/sitio\/wp-json\/wp\/v2\/comments?post=14727"}],"version-history":[{"count":1,"href":"https:\/\/eldiariodesanpedro.com.ar\/sitio\/wp-json\/wp\/v2\/posts\/14727\/revisions"}],"predecessor-version":[{"id":14728,"href":"https:\/\/eldiariodesanpedro.com.ar\/sitio\/wp-json\/wp\/v2\/posts\/14727\/revisions\/14728"}],"wp:featuredmedia":[{"embeddable":true,"href":"https:\/\/eldiariodesanpedro.com.ar\/sitio\/wp-json\/wp\/v2\/media\/1378"}],"wp:attachment":[{"href":"https:\/\/eldiariodesanpedro.com.ar\/sitio\/wp-json\/wp\/v2\/media?parent=14727"}],"wp:term":[{"taxonomy":"category","embeddable":true,"href":"https:\/\/eldiariodesanpedro.com.ar\/sitio\/wp-json\/wp\/v2\/categories?post=14727"},{"taxonomy":"post_tag","embeddable":true,"href":"https:\/\/eldiariodesanpedro.com.ar\/sitio\/wp-json\/wp\/v2\/tags?post=14727"}],"curies":[{"name":"wp","href":"https:\/\/api.w.org\/{rel}","templated":true}]}}