{"id":147269,"date":"2026-01-22T11:17:54","date_gmt":"2026-01-22T14:17:54","guid":{"rendered":"https:\/\/eldiariodesanpedro.com.ar\/sitio\/?p=147269"},"modified":"2026-01-22T11:17:59","modified_gmt":"2026-01-22T14:17:59","slug":"operativos-de-transito-controles-vehiculares-en-distintos-puntos-de-la-ciudad","status":"publish","type":"post","link":"https:\/\/eldiariodesanpedro.com.ar\/sitio\/operativos-de-transito-controles-vehiculares-en-distintos-puntos-de-la-ciudad\/","title":{"rendered":"Operativos de tr\u00e1nsito: controles vehiculares en distintos puntos de la ciudad"},"content":{"rendered":"<!-- VideographyWP Plugin Message: Automatic video embedding prevented by plugin options. -->\n\n<p>Durante distintas franjas horarias, la Polic\u00eda realiz\u00f3 <strong>operativos de interceptaci\u00f3n vehicular<\/strong> con controles de documentaci\u00f3n e identificaci\u00f3n de conductores y ocupantes.<\/p>\n\n\n\n<p>En el transcurso de la jornada de ayer, <strong>personal policial de la seccional local llev\u00f3 adelante operativos de tr\u00e1nsito<\/strong> en cumplimiento de directivas impartidas por la Superioridad. Las tareas se desarrollaron <strong>en diferentes horarios<\/strong> y tuvieron como objetivo <strong>reforzar la prevenci\u00f3n y el control vehicular<\/strong>.<\/p>\n\n\n\n<p>Los procedimientos se concentraron en <strong>las intersecciones de 11 de Septiembre y Saavedra<\/strong>, y <strong>Belgrano con General Pueyrred\u00f3n<\/strong>, donde los efectivos procedieron a la <strong>identificaci\u00f3n de numerosos motoveh\u00edculos, autom\u00f3viles y de las personas que se desplazaban en ellos<\/strong>.<\/p>\n\n\n\n<p>Desde la fuerza indicaron que este tipo de acciones <strong>continuar\u00e1n realiz\u00e1ndose de manera peri\u00f3dica<\/strong>, con el fin de <strong>mejorar la seguridad vial y prevenir infracciones<\/strong>, adem\u00e1s de detectar posibles irregularidades en la circulaci\u00f3n.<\/p>\n\n\n\n<p>#OperativosDeTransito #ControlesVehiculares #SeguridadVial #Prevencion #Policia<\/p>\n","protected":false},"excerpt":{"rendered":"<p>Durante distintas franjas horarias, la Polic\u00eda realiz\u00f3 operativos de interceptaci\u00f3n vehicular con controles de documentaci\u00f3n e identificaci\u00f3n de conductores y ocupantes. En el transcurso de la jornada de ayer, personal policial de la seccional local llev\u00f3 adelante operativos de tr\u00e1nsito en cumplimiento de directivas impartidas por la Superioridad. Las tareas se desarrollaron en diferentes horarios [&hellip;]<\/p>\n","protected":false},"author":4,"featured_media":147270,"comment_status":"closed","ping_status":"closed","sticky":false,"template":"","format":"standard","meta":{"om_disable_all_campaigns":false,"_jetpack_memberships_contains_paid_content":false,"footnotes":""},"categories":[2,103],"tags":[8363,6198,8362,8361,2761],"class_list":["post-147269","post","type-post","status-publish","format-standard","has-post-thumbnail","hentry","category-locales","category-policiales-locales","tag-controles-policiales","tag-controles-vehiculares","tag-identificacion-de-conductores","tag-operativos-de-transito","tag-seguridad-vial"],"aioseo_notices":[],"gutentor_comment":0,"jetpack_featured_media_url":"https:\/\/eldiariodesanpedro.com.ar\/sitio\/wp-content\/uploads\/2026\/01\/medida-29.jpg","jetpack_shortlink":"https:\/\/wp.me\/p6RhLt-Cjj","jetpack_sharing_enabled":true,"_links":{"self":[{"href":"https:\/\/eldiariodesanpedro.com.ar\/sitio\/wp-json\/wp\/v2\/posts\/147269","targetHints":{"allow":["GET"]}}],"collection":[{"href":"https:\/\/eldiariodesanpedro.com.ar\/sitio\/wp-json\/wp\/v2\/posts"}],"about":[{"href":"https:\/\/eldiariodesanpedro.com.ar\/sitio\/wp-json\/wp\/v2\/types\/post"}],"author":[{"embeddable":true,"href":"https:\/\/eldiariodesanpedro.com.ar\/sitio\/wp-json\/wp\/v2\/users\/4"}],"replies":[{"embeddable":true,"href":"https:\/\/eldiariodesanpedro.com.ar\/sitio\/wp-json\/wp\/v2\/comments?post=147269"}],"version-history":[{"count":1,"href":"https:\/\/eldiariodesanpedro.com.ar\/sitio\/wp-json\/wp\/v2\/posts\/147269\/revisions"}],"predecessor-version":[{"id":147271,"href":"https:\/\/eldiariodesanpedro.com.ar\/sitio\/wp-json\/wp\/v2\/posts\/147269\/revisions\/147271"}],"wp:featuredmedia":[{"embeddable":true,"href":"https:\/\/eldiariodesanpedro.com.ar\/sitio\/wp-json\/wp\/v2\/media\/147270"}],"wp:attachment":[{"href":"https:\/\/eldiariodesanpedro.com.ar\/sitio\/wp-json\/wp\/v2\/media?parent=147269"}],"wp:term":[{"taxonomy":"category","embeddable":true,"href":"https:\/\/eldiariodesanpedro.com.ar\/sitio\/wp-json\/wp\/v2\/categories?post=147269"},{"taxonomy":"post_tag","embeddable":true,"href":"https:\/\/eldiariodesanpedro.com.ar\/sitio\/wp-json\/wp\/v2\/tags?post=147269"}],"curies":[{"name":"wp","href":"https:\/\/api.w.org\/{rel}","templated":true}]}}