{"id":147264,"date":"2026-01-22T10:52:15","date_gmt":"2026-01-22T13:52:15","guid":{"rendered":"https:\/\/eldiariodesanpedro.com.ar\/sitio\/?p=147264"},"modified":"2026-01-22T10:55:46","modified_gmt":"2026-01-22T13:55:46","slug":"licitacion-n-007-2026-de-coopser-san-pedro-para-la-provision-de-compresor-trifasico","status":"publish","type":"post","link":"https:\/\/eldiariodesanpedro.com.ar\/sitio\/licitacion-n-007-2026-de-coopser-san-pedro-para-la-provision-de-compresor-trifasico\/","title":{"rendered":"Licitaci\u00f3n N\u00b0 007\/2026 de Coopser San Pedro para la Provisi\u00f3n de Compresor Trif\u00e1sico"},"content":{"rendered":"<!-- VideographyWP Plugin Message: Automatic video embedding prevented by plugin options. -->\n\n<ol class=\"wp-block-list\">\n<li>Licitaci\u00f3n N\u00b0 007\/2026<\/li>\n<\/ol>\n\n\n\n<p class=\"has-text-align-center\">Provisi\u00f3n de Compresor Trif\u00e1sico.<\/p>\n\n\n\n<p class=\"has-text-align-right\">Apertura: 02 de Febrero de 2026 a las 10:00 hs<\/p>\n\n\n\n<p>Informes y retiro de documentaci\u00f3n de lunes a viernes de 7:00 a 13:00 hs. en R\u00f3mulo Naon 2499, Oficina de Compras, Obrador Coopser San Pedro o en <a href=\"http:\/\/www.coopser.com.ar\" title=\"www.coopser.com.ar\">www.coopser.com.ar<\/a> . Tel 03329-431300 int 335\/336<\/p>\n\n\n\n<p><\/p>\n","protected":false},"excerpt":{"rendered":"<p>Provisi\u00f3n de Compresor Trif\u00e1sico. Apertura: 02 de Febrero de 2026 a las 10:00 hs Informes y retiro de documentaci\u00f3n de lunes a viernes de 7:00 a 13:00 hs. en R\u00f3mulo Naon 2499, Oficina de Compras, Obrador Coopser San Pedro o en www.coopser.com.ar . Tel 03329-431300 int 335\/336<\/p>\n","protected":false},"author":4,"featured_media":147265,"comment_status":"closed","ping_status":"closed","sticky":false,"template":"","format":"standard","meta":{"om_disable_all_campaigns":false,"_jetpack_memberships_contains_paid_content":false,"footnotes":""},"categories":[5042],"tags":[6910,8360],"class_list":["post-147264","post","type-post","status-publish","format-standard","has-post-thumbnail","hentry","category-licitaciones-coopser-san-pedro","tag-coopser-san-pedro","tag-licitacion-n-007-2026"],"aioseo_notices":[],"gutentor_comment":0,"jetpack_featured_media_url":"https:\/\/eldiariodesanpedro.com.ar\/sitio\/wp-content\/uploads\/2026\/01\/Coopser-Licitacion-007-2026.jpg","jetpack_shortlink":"https:\/\/wp.me\/p6RhLt-Cje","jetpack_sharing_enabled":true,"_links":{"self":[{"href":"https:\/\/eldiariodesanpedro.com.ar\/sitio\/wp-json\/wp\/v2\/posts\/147264","targetHints":{"allow":["GET"]}}],"collection":[{"href":"https:\/\/eldiariodesanpedro.com.ar\/sitio\/wp-json\/wp\/v2\/posts"}],"about":[{"href":"https:\/\/eldiariodesanpedro.com.ar\/sitio\/wp-json\/wp\/v2\/types\/post"}],"author":[{"embeddable":true,"href":"https:\/\/eldiariodesanpedro.com.ar\/sitio\/wp-json\/wp\/v2\/users\/4"}],"replies":[{"embeddable":true,"href":"https:\/\/eldiariodesanpedro.com.ar\/sitio\/wp-json\/wp\/v2\/comments?post=147264"}],"version-history":[{"count":3,"href":"https:\/\/eldiariodesanpedro.com.ar\/sitio\/wp-json\/wp\/v2\/posts\/147264\/revisions"}],"predecessor-version":[{"id":147268,"href":"https:\/\/eldiariodesanpedro.com.ar\/sitio\/wp-json\/wp\/v2\/posts\/147264\/revisions\/147268"}],"wp:featuredmedia":[{"embeddable":true,"href":"https:\/\/eldiariodesanpedro.com.ar\/sitio\/wp-json\/wp\/v2\/media\/147265"}],"wp:attachment":[{"href":"https:\/\/eldiariodesanpedro.com.ar\/sitio\/wp-json\/wp\/v2\/media?parent=147264"}],"wp:term":[{"taxonomy":"category","embeddable":true,"href":"https:\/\/eldiariodesanpedro.com.ar\/sitio\/wp-json\/wp\/v2\/categories?post=147264"},{"taxonomy":"post_tag","embeddable":true,"href":"https:\/\/eldiariodesanpedro.com.ar\/sitio\/wp-json\/wp\/v2\/tags?post=147264"}],"curies":[{"name":"wp","href":"https:\/\/api.w.org\/{rel}","templated":true}]}}