{"id":147261,"date":"2026-01-21T21:56:01","date_gmt":"2026-01-22T00:56:01","guid":{"rendered":"https:\/\/eldiariodesanpedro.com.ar\/sitio\/denuncia-por-violencia-familiar-en-cordoba-deriva-en-el-hallazgo-de-un-hecho-insolito\/"},"modified":"2026-01-21T21:56:01","modified_gmt":"2026-01-22T00:56:01","slug":"denuncia-por-violencia-familiar-en-cordoba-deriva-en-el-hallazgo-de-un-hecho-insolito","status":"publish","type":"post","link":"https:\/\/eldiariodesanpedro.com.ar\/sitio\/denuncia-por-violencia-familiar-en-cordoba-deriva-en-el-hallazgo-de-un-hecho-insolito\/","title":{"rendered":"Denuncia por violencia familiar en C\u00f3rdoba deriva en el hallazgo de un hecho ins\u00f3lito"},"content":{"rendered":"<p><!-- VideographyWP Plugin Message: Automatic video embedding prevented by plugin options. --><\/p>\n<p>Un operativo policial iniciado tras <strong>una denuncia por violencia de g\u00e9nero en la ciudad de C\u00f3rdoba<\/strong> termin\u00f3 con una sorpresa inesperada para los agentes intervinientes. Durante la inspecci\u00f3n del domicilio, los efectivos descubrieron <strong>una situaci\u00f3n inusual en el patio de la casa<\/strong>, que oblig\u00f3 a redireccionar el curso de la actuaci\u00f3n policial.<\/p>\n<p>Seg\u00fan confirmaron fuentes cercanas al procedimiento, el hecho se desencaden\u00f3 luego de que una llamada alertara sobre un posible caso de violencia dom\u00e9stica. Al acudir al lugar, los uniformados hallaron un escenario que super\u00f3 las expectativas iniciales de la intervenci\u00f3n, comprometiendo la participaci\u00f3n de nuevas \u00e1reas de investigaci\u00f3n.<\/p>\n<p>El episodio fue reportado a la Unidad Judicial y gener\u00f3 repercusiones en la comunidad, ya que el hallazgo podr\u00eda estar vinculado con otros hechos a\u00fan bajo an\u00e1lisis. Por el momento, <strong>no se brindaron precisiones oficiales sobre los elementos encontrados<\/strong>, pero contin\u00faa el trabajo coordinado de las autoridades locales.<\/p>\n","protected":false},"excerpt":{"rendered":"<p>Un procedimiento por violencia dom\u00e9stica en C\u00f3rdoba culmin\u00f3 con el descubrimiento de una sorprendente situaci\u00f3n en el patio de una vivienda.<\/p>\n","protected":false},"author":1,"featured_media":147260,"comment_status":"","ping_status":"","sticky":false,"template":"","format":"standard","meta":{"om_disable_all_campaigns":false,"_jetpack_memberships_contains_paid_content":false,"footnotes":""},"categories":[3],"tags":[],"class_list":["post-147261","post","type-post","status-publish","format-standard","has-post-thumbnail","hentry","category-nacionales"],"aioseo_notices":[],"gutentor_comment":0,"jetpack_featured_media_url":"https:\/\/eldiariodesanpedro.com.ar\/sitio\/wp-content\/uploads\/2026\/01\/fueron-a-una-casa-por-una-denuncia-de-violencia-familiar-y-lo-que-encontraron-los-dejo-en-shock-foto-ilustrativagentileza-el-doce-5ZTO352R7VECNMNWNPPEL325UA.jpg","jetpack_shortlink":"https:\/\/wp.me\/p6RhLt-Cjb","jetpack_sharing_enabled":true,"_links":{"self":[{"href":"https:\/\/eldiariodesanpedro.com.ar\/sitio\/wp-json\/wp\/v2\/posts\/147261","targetHints":{"allow":["GET"]}}],"collection":[{"href":"https:\/\/eldiariodesanpedro.com.ar\/sitio\/wp-json\/wp\/v2\/posts"}],"about":[{"href":"https:\/\/eldiariodesanpedro.com.ar\/sitio\/wp-json\/wp\/v2\/types\/post"}],"author":[{"embeddable":true,"href":"https:\/\/eldiariodesanpedro.com.ar\/sitio\/wp-json\/wp\/v2\/users\/1"}],"replies":[{"embeddable":true,"href":"https:\/\/eldiariodesanpedro.com.ar\/sitio\/wp-json\/wp\/v2\/comments?post=147261"}],"version-history":[{"count":0,"href":"https:\/\/eldiariodesanpedro.com.ar\/sitio\/wp-json\/wp\/v2\/posts\/147261\/revisions"}],"wp:featuredmedia":[{"embeddable":true,"href":"https:\/\/eldiariodesanpedro.com.ar\/sitio\/wp-json\/wp\/v2\/media\/147260"}],"wp:attachment":[{"href":"https:\/\/eldiariodesanpedro.com.ar\/sitio\/wp-json\/wp\/v2\/media?parent=147261"}],"wp:term":[{"taxonomy":"category","embeddable":true,"href":"https:\/\/eldiariodesanpedro.com.ar\/sitio\/wp-json\/wp\/v2\/categories?post=147261"},{"taxonomy":"post_tag","embeddable":true,"href":"https:\/\/eldiariodesanpedro.com.ar\/sitio\/wp-json\/wp\/v2\/tags?post=147261"}],"curies":[{"name":"wp","href":"https:\/\/api.w.org\/{rel}","templated":true}]}}