{"id":147256,"date":"2026-01-21T21:38:14","date_gmt":"2026-01-22T00:38:14","guid":{"rendered":"https:\/\/eldiariodesanpedro.com.ar\/sitio\/?p=147256"},"modified":"2026-01-21T21:38:18","modified_gmt":"2026-01-22T00:38:18","slug":"detuvieron-a-uno-de-los-imputados-por-el-asesinato-de-agustin-pereyra","status":"publish","type":"post","link":"https:\/\/eldiariodesanpedro.com.ar\/sitio\/detuvieron-a-uno-de-los-imputados-por-el-asesinato-de-agustin-pereyra\/","title":{"rendered":"Detuvieron a uno de los imputados por el asesinato de Agust\u00edn Pereyra"},"content":{"rendered":"<!-- VideographyWP Plugin Message: Automatic video embedding prevented by plugin options. -->\n\n<p>Un joven de <strong>21 a\u00f1os<\/strong> fue arrestado tras un allanamiento. Est\u00e1 acusado de haber conducido la moto desde la que se efectuaron los disparos que terminaron con la vida de Agust\u00edn Pereyra.<\/p>\n\n\n\n<p>Efectivos de la <strong>Direcci\u00f3n de Investigaciones<\/strong> y del <strong>Grupo de Tareas Operativas<\/strong> detuvieron a <strong>uno de los imputados por el asesinato de Agust\u00edn Pereyra<\/strong>, ocurrido el <strong>16 de enero<\/strong> durante un <strong>tiroteo cruzado<\/strong>.<\/p>\n\n\n\n<p>El procedimiento se concret\u00f3 en la <strong>tarde del mi\u00e9rcoles<\/strong>, en una vivienda ubicada en <strong>Combate de Obligado al 2000<\/strong>, donde fue aprehendido un <strong>joven de 21 a\u00f1os<\/strong>, se\u00f1alado como <strong>el conductor de la motocicleta desde la que se realizaron los disparos<\/strong> que provocaron la muerte de Pereyra en la intersecci\u00f3n de <strong>Manuel Iglesias y Boulevard Moreno<\/strong>.<\/p>\n\n\n\n<p>En tanto, el otro imputado, <strong>Kevin Carlevaris<\/strong>, de <strong>18 a\u00f1os<\/strong>, identificado como <strong>el autor de los disparos mortales<\/strong>, <strong>permanece pr\u00f3fugo<\/strong> y pesa sobre \u00e9l un <strong>pedido de captura nacional e internacional<\/strong>.<\/p>\n\n\n\n<p>La fiscal <strong>Viviana Ramos<\/strong>, titular de la <strong>UFI 11<\/strong>, inform\u00f3 que la identificaci\u00f3n de los responsables fue posible gracias al <strong>an\u00e1lisis de im\u00e1genes de c\u00e1maras de monitoreo<\/strong> y al <strong>testimonio del conductor del veh\u00edculo<\/strong> en el que se desplazaba la v\u00edctima.<br>\u201cNo hay dudas de qui\u00e9n fue la persona autora del hecho, que ser\u00eda <strong>Kevin Carlevaris<\/strong>, hermano de <strong>Lautaro<\/strong>, asesinado hace un a\u00f1o\u201d, afirm\u00f3 la fiscal.<\/p>\n\n\n\n<p>Seg\u00fan la reconstrucci\u00f3n judicial, el arma utilizada para dar muerte a Pereyra fue un <strong>rev\u00f3lver calibre .38 especial<\/strong>, considerado <strong>arma de guerra<\/strong>. Las c\u00e1maras de seguridad tambi\u00e9n registraron que <strong>la v\u00edctima portaba un arma<\/strong>, la cual <strong>no fue hallada hasta el momento<\/strong>. Adem\u00e1s, la fiscal advirti\u00f3 que el imputado pr\u00f3fugo <strong>posee alrededor de 15 causas en tr\u00e1mite<\/strong>, por delitos graves como <strong>amenazas agravadas<\/strong> y <strong>tentativa de homicidio<\/strong>.<\/p>\n\n\n\n<p>#Policiales #Homicidio #Investigaci\u00f3nJudicial #Allanamiento #Detenci\u00f3n #PedidoDeCaptura #UFI11<\/p>\n\n\n\n<figure class=\"wp-block-image size-large\"><img decoding=\"async\" width=\"1024\" height=\"576\" data-attachment-id=\"147258\" data-permalink=\"https:\/\/eldiariodesanpedro.com.ar\/sitio\/detuvieron-a-uno-de-los-imputados-por-el-asesinato-de-agustin-pereyra\/detenido-crimen-2\/\" data-orig-file=\"https:\/\/eldiariodesanpedro.com.ar\/sitio\/wp-content\/uploads\/2026\/01\/Detenido-crimen-2.jpg\" data-orig-size=\"1120,630\" data-comments-opened=\"0\" data-image-meta=\"{&quot;aperture&quot;:&quot;0&quot;,&quot;credit&quot;:&quot;&quot;,&quot;camera&quot;:&quot;&quot;,&quot;caption&quot;:&quot;&quot;,&quot;created_timestamp&quot;:&quot;0&quot;,&quot;copyright&quot;:&quot;&quot;,&quot;focal_length&quot;:&quot;0&quot;,&quot;iso&quot;:&quot;0&quot;,&quot;shutter_speed&quot;:&quot;0&quot;,&quot;title&quot;:&quot;&quot;,&quot;orientation&quot;:&quot;0&quot;}\" data-image-title=\"Detenido crimen 2\" data-image-description=\"\" data-image-caption=\"\" data-large-file=\"https:\/\/eldiariodesanpedro.com.ar\/sitio\/wp-content\/uploads\/2026\/01\/Detenido-crimen-2-1024x576.jpg\" data-src=\"https:\/\/eldiariodesanpedro.com.ar\/sitio\/wp-content\/uploads\/2026\/01\/Detenido-crimen-2-1024x576.jpg\" alt=\"\" class=\"wp-image-147258 lazyload\" data-srcset=\"https:\/\/eldiariodesanpedro.com.ar\/sitio\/wp-content\/uploads\/2026\/01\/Detenido-crimen-2-1024x576.jpg 1024w, https:\/\/eldiariodesanpedro.com.ar\/sitio\/wp-content\/uploads\/2026\/01\/Detenido-crimen-2-300x169.jpg 300w, https:\/\/eldiariodesanpedro.com.ar\/sitio\/wp-content\/uploads\/2026\/01\/Detenido-crimen-2-768x432.jpg 768w, https:\/\/eldiariodesanpedro.com.ar\/sitio\/wp-content\/uploads\/2026\/01\/Detenido-crimen-2.jpg 1120w\" data-sizes=\"(max-width: 1024px) 100vw, 1024px\" src=\"data:image\/svg+xml;base64,PHN2ZyB3aWR0aD0iMSIgaGVpZ2h0PSIxIiB4bWxucz0iaHR0cDovL3d3dy53My5vcmcvMjAwMC9zdmciPjwvc3ZnPg==\" style=\"--smush-placeholder-width: 1024px; --smush-placeholder-aspect-ratio: 1024\/576;\" \/><\/figure>\n","protected":false},"excerpt":{"rendered":"<p>Un joven de 21 a\u00f1os fue arrestado tras un allanamiento. Est\u00e1 acusado de haber conducido la moto desde la que se efectuaron los disparos que terminaron con la vida de Agust\u00edn Pereyra. Efectivos de la Direcci\u00f3n de Investigaciones y del Grupo de Tareas Operativas detuvieron a uno de los imputados por el asesinato de Agust\u00edn [&hellip;]<\/p>\n","protected":false},"author":4,"featured_media":147257,"comment_status":"closed","ping_status":"closed","sticky":false,"template":"","format":"standard","meta":{"om_disable_all_campaigns":false,"_jetpack_memberships_contains_paid_content":false,"footnotes":""},"categories":[50,2,103],"tags":[],"class_list":["post-147256","post","type-post","status-publish","format-standard","has-post-thumbnail","hentry","category-destacadas","category-locales","category-policiales-locales"],"aioseo_notices":[],"gutentor_comment":0,"jetpack_featured_media_url":"https:\/\/eldiariodesanpedro.com.ar\/sitio\/wp-content\/uploads\/2026\/01\/Detenido-crimen-.jpg","jetpack_shortlink":"https:\/\/wp.me\/p6RhLt-Cj6","jetpack_sharing_enabled":true,"_links":{"self":[{"href":"https:\/\/eldiariodesanpedro.com.ar\/sitio\/wp-json\/wp\/v2\/posts\/147256","targetHints":{"allow":["GET"]}}],"collection":[{"href":"https:\/\/eldiariodesanpedro.com.ar\/sitio\/wp-json\/wp\/v2\/posts"}],"about":[{"href":"https:\/\/eldiariodesanpedro.com.ar\/sitio\/wp-json\/wp\/v2\/types\/post"}],"author":[{"embeddable":true,"href":"https:\/\/eldiariodesanpedro.com.ar\/sitio\/wp-json\/wp\/v2\/users\/4"}],"replies":[{"embeddable":true,"href":"https:\/\/eldiariodesanpedro.com.ar\/sitio\/wp-json\/wp\/v2\/comments?post=147256"}],"version-history":[{"count":1,"href":"https:\/\/eldiariodesanpedro.com.ar\/sitio\/wp-json\/wp\/v2\/posts\/147256\/revisions"}],"predecessor-version":[{"id":147259,"href":"https:\/\/eldiariodesanpedro.com.ar\/sitio\/wp-json\/wp\/v2\/posts\/147256\/revisions\/147259"}],"wp:featuredmedia":[{"embeddable":true,"href":"https:\/\/eldiariodesanpedro.com.ar\/sitio\/wp-json\/wp\/v2\/media\/147257"}],"wp:attachment":[{"href":"https:\/\/eldiariodesanpedro.com.ar\/sitio\/wp-json\/wp\/v2\/media?parent=147256"}],"wp:term":[{"taxonomy":"category","embeddable":true,"href":"https:\/\/eldiariodesanpedro.com.ar\/sitio\/wp-json\/wp\/v2\/categories?post=147256"},{"taxonomy":"post_tag","embeddable":true,"href":"https:\/\/eldiariodesanpedro.com.ar\/sitio\/wp-json\/wp\/v2\/tags?post=147256"}],"curies":[{"name":"wp","href":"https:\/\/api.w.org\/{rel}","templated":true}]}}