{"id":147251,"date":"2026-01-21T20:16:03","date_gmt":"2026-01-21T23:16:03","guid":{"rendered":"https:\/\/eldiariodesanpedro.com.ar\/sitio\/procesan-con-prision-preventiva-a-el-tio-y-dos-complices-por-triple-femicidio-en-florencio-varela\/"},"modified":"2026-01-21T20:16:03","modified_gmt":"2026-01-21T23:16:03","slug":"procesan-con-prision-preventiva-a-el-tio-y-dos-complices-por-triple-femicidio-en-florencio-varela","status":"publish","type":"post","link":"https:\/\/eldiariodesanpedro.com.ar\/sitio\/procesan-con-prision-preventiva-a-el-tio-y-dos-complices-por-triple-femicidio-en-florencio-varela\/","title":{"rendered":"Procesan con Prisi\u00f3n Preventiva a &#8216;El T\u00edo&#8217; y Dos C\u00f3mplices por Triple Femicidio en Florencio Varela"},"content":{"rendered":"<p><!-- VideographyWP Plugin Message: Automatic video embedding prevented by plugin options. --><\/p>\n<p><strong>La Justicia proces\u00f3 con prisi\u00f3n preventiva<\/strong> a un hombre conocido como \u00abEl T\u00edo\u00bb y a dos personas m\u00e1s, quienes permanecen detenidos como principales sospechosos del triple femicidio vinculado al narcotr\u00e1fico registrado en la localidad bonaerense de Florencio Varela.<\/p>\n<p>Las autoridades consideran que los tres implicados habr\u00edan actuado en conjunto en el crimen de tres mujeres, un hecho que conmocion\u00f3 a la comunidad local por su violencia y por la presunta conexi\u00f3n con actividades delictivas relacionadas a la venta de drogas.<\/p>\n<p>La resoluci\u00f3n judicial sostiene que <strong>existen pruebas suficientes<\/strong> para mantener a los acusados bajo prisi\u00f3n preventiva mientras contin\u00faa la investigaci\u00f3n. Seg\u00fan fuentes judiciales, el m\u00f3vil del ataque estar\u00eda ligado a disputas internas dentro del circuito narco en la zona.<\/p>\n<p>Este caso es una muestra m\u00e1s de la compleja problem\u00e1tica que enfrenta la regi\u00f3n en torno a la criminalidad organizada y la violencia de g\u00e9nero, por lo que se espera un proceso judicial de alta repercusi\u00f3n.<\/p>\n","protected":false},"excerpt":{"rendered":"<p>La Justicia dict\u00f3 prisi\u00f3n preventiva para tres acusados del triple femicidio narco ocurrido en Florencio Varela.<\/p>\n","protected":false},"author":1,"featured_media":147250,"comment_status":"","ping_status":"","sticky":false,"template":"","format":"standard","meta":{"om_disable_all_campaigns":false,"_jetpack_memberships_contains_paid_content":false,"footnotes":""},"categories":[3],"tags":[],"class_list":["post-147251","post","type-post","status-publish","format-standard","has-post-thumbnail","hentry","category-nacionales"],"aioseo_notices":[],"gutentor_comment":0,"jetpack_featured_media_url":"https:\/\/eldiariodesanpedro.com.ar\/sitio\/wp-content\/uploads\/2026\/01\/207160_3.jpg","jetpack_shortlink":"https:\/\/wp.me\/p6RhLt-Cj1","jetpack_sharing_enabled":true,"_links":{"self":[{"href":"https:\/\/eldiariodesanpedro.com.ar\/sitio\/wp-json\/wp\/v2\/posts\/147251","targetHints":{"allow":["GET"]}}],"collection":[{"href":"https:\/\/eldiariodesanpedro.com.ar\/sitio\/wp-json\/wp\/v2\/posts"}],"about":[{"href":"https:\/\/eldiariodesanpedro.com.ar\/sitio\/wp-json\/wp\/v2\/types\/post"}],"author":[{"embeddable":true,"href":"https:\/\/eldiariodesanpedro.com.ar\/sitio\/wp-json\/wp\/v2\/users\/1"}],"replies":[{"embeddable":true,"href":"https:\/\/eldiariodesanpedro.com.ar\/sitio\/wp-json\/wp\/v2\/comments?post=147251"}],"version-history":[{"count":0,"href":"https:\/\/eldiariodesanpedro.com.ar\/sitio\/wp-json\/wp\/v2\/posts\/147251\/revisions"}],"wp:featuredmedia":[{"embeddable":true,"href":"https:\/\/eldiariodesanpedro.com.ar\/sitio\/wp-json\/wp\/v2\/media\/147250"}],"wp:attachment":[{"href":"https:\/\/eldiariodesanpedro.com.ar\/sitio\/wp-json\/wp\/v2\/media?parent=147251"}],"wp:term":[{"taxonomy":"category","embeddable":true,"href":"https:\/\/eldiariodesanpedro.com.ar\/sitio\/wp-json\/wp\/v2\/categories?post=147251"},{"taxonomy":"post_tag","embeddable":true,"href":"https:\/\/eldiariodesanpedro.com.ar\/sitio\/wp-json\/wp\/v2\/tags?post=147251"}],"curies":[{"name":"wp","href":"https:\/\/api.w.org\/{rel}","templated":true}]}}