{"id":14725,"date":"2017-02-15T10:50:35","date_gmt":"2017-02-15T13:50:35","guid":{"rendered":"https:\/\/eldiariodesanpedro.com.ar\/sitio\/?p=14725"},"modified":"2017-02-15T10:50:35","modified_gmt":"2017-02-15T13:50:35","slug":"secuestran-una-escopeta-y-aprehenden-a-una-persona-en-allanamiento","status":"publish","type":"post","link":"https:\/\/eldiariodesanpedro.com.ar\/sitio\/secuestran-una-escopeta-y-aprehenden-a-una-persona-en-allanamiento\/","title":{"rendered":"Secuestran una escopeta y aprehenden a una persona en allanamiento"},"content":{"rendered":"<p><!-- VideographyWP Plugin Message: Automatic video embedding prevented by plugin options. --><br \/>\nEn el d\u00eda de ayer personal de la comisar\u00eda de San Pedro cumpliendo una orden de allanamiento dispuesto por la UFI N\u00b0 5 de nuestra ciudad. Se llev\u00f3 a cabo en el camino pro ciclismo sin n\u00famero, se procedi\u00f3 al secuestro de una escopeta calibre 16 y cartuchos del mismo calibre y a la aprehensi\u00f3n de la persona que viv\u00eda en el lugar. <\/p>\n<p>La Fiscal\u00eda aval\u00f3 el procedimiento de la polic\u00eda dispuso para el aprehendido la notificaci\u00f3n de la causa y posterior libertad. <\/p>\n","protected":false},"excerpt":{"rendered":"<p>En el d\u00eda de ayer personal de la comisar\u00eda de San Pedro cumpliendo una orden de allanamiento dispuesto por la UFI N\u00b0 5 de nuestra ciudad. Se llev\u00f3 a cabo en el camino pro ciclismo sin n\u00famero, se procedi\u00f3 al secuestro de una escopeta calibre 16 y cartuchos del mismo calibre y a la aprehensi\u00f3n [&hellip;]<\/p>\n","protected":false},"author":4,"featured_media":8129,"comment_status":"open","ping_status":"closed","sticky":false,"template":"","format":"standard","meta":{"om_disable_all_campaigns":false,"_jetpack_memberships_contains_paid_content":false,"footnotes":""},"categories":[2,103],"tags":[],"class_list":["post-14725","post","type-post","status-publish","format-standard","has-post-thumbnail","hentry","category-locales","category-policiales-locales"],"aioseo_notices":[],"gutentor_comment":0,"jetpack_featured_media_url":"https:\/\/eldiariodesanpedro.com.ar\/sitio\/wp-content\/uploads\/2016\/09\/allanamientos-01.jpg","jetpack_shortlink":"https:\/\/wp.me\/p6RhLt-3Pv","jetpack_sharing_enabled":true,"_links":{"self":[{"href":"https:\/\/eldiariodesanpedro.com.ar\/sitio\/wp-json\/wp\/v2\/posts\/14725","targetHints":{"allow":["GET"]}}],"collection":[{"href":"https:\/\/eldiariodesanpedro.com.ar\/sitio\/wp-json\/wp\/v2\/posts"}],"about":[{"href":"https:\/\/eldiariodesanpedro.com.ar\/sitio\/wp-json\/wp\/v2\/types\/post"}],"author":[{"embeddable":true,"href":"https:\/\/eldiariodesanpedro.com.ar\/sitio\/wp-json\/wp\/v2\/users\/4"}],"replies":[{"embeddable":true,"href":"https:\/\/eldiariodesanpedro.com.ar\/sitio\/wp-json\/wp\/v2\/comments?post=14725"}],"version-history":[{"count":1,"href":"https:\/\/eldiariodesanpedro.com.ar\/sitio\/wp-json\/wp\/v2\/posts\/14725\/revisions"}],"predecessor-version":[{"id":14726,"href":"https:\/\/eldiariodesanpedro.com.ar\/sitio\/wp-json\/wp\/v2\/posts\/14725\/revisions\/14726"}],"wp:featuredmedia":[{"embeddable":true,"href":"https:\/\/eldiariodesanpedro.com.ar\/sitio\/wp-json\/wp\/v2\/media\/8129"}],"wp:attachment":[{"href":"https:\/\/eldiariodesanpedro.com.ar\/sitio\/wp-json\/wp\/v2\/media?parent=14725"}],"wp:term":[{"taxonomy":"category","embeddable":true,"href":"https:\/\/eldiariodesanpedro.com.ar\/sitio\/wp-json\/wp\/v2\/categories?post=14725"},{"taxonomy":"post_tag","embeddable":true,"href":"https:\/\/eldiariodesanpedro.com.ar\/sitio\/wp-json\/wp\/v2\/tags?post=14725"}],"curies":[{"name":"wp","href":"https:\/\/api.w.org\/{rel}","templated":true}]}}