{"id":147249,"date":"2026-01-21T19:26:02","date_gmt":"2026-01-21T22:26:02","guid":{"rendered":"https:\/\/eldiariodesanpedro.com.ar\/sitio\/confirman-la-primera-muerte-por-gripe-h3n2-en-argentina-y-28-casos-en-14-provincias\/"},"modified":"2026-01-21T19:26:02","modified_gmt":"2026-01-21T22:26:02","slug":"confirman-la-primera-muerte-por-gripe-h3n2-en-argentina-y-28-casos-en-14-provincias","status":"publish","type":"post","link":"https:\/\/eldiariodesanpedro.com.ar\/sitio\/confirman-la-primera-muerte-por-gripe-h3n2-en-argentina-y-28-casos-en-14-provincias\/","title":{"rendered":"Confirman la Primera Muerte por Gripe H3N2 en Argentina y 28 Casos en 14 Provincias"},"content":{"rendered":"<p><!-- VideographyWP Plugin Message: Automatic video embedding prevented by plugin options. --><\/p>\n<p><strong>El Ministerio de Salud de Argentina<\/strong> inform\u00f3 este lunes la ocurrencia de la <strong>primera muerte por gripe H3N2<\/strong> en el territorio nacional. Adem\u00e1s, autoridades sanitarias confirmaron la existencia de <strong>28 casos distribuidos en 14 provincias<\/strong>, lo que gener\u00f3 una alerta sanitaria entre la poblaci\u00f3n y los profesionales de la salud.<\/p>\n<p>La notificaci\u00f3n oficial fue emitida como parte del seguimiento epidemiol\u00f3gico habitual frente a nuevos cuadros infecciosos. Seg\u00fan fuentes oficiales, la persona fallecida presentaba factores de riesgo previos, lo que contribuy\u00f3 al desenlace fatal.<\/p>\n<p>La H3N2 es una variante del virus de la gripe que puede causar mayores complicaciones en grupos vulnerables como adultos mayores y personas con enfermedades cr\u00f3nicas. Las autoridades reiteraron la importancia de la vacunaci\u00f3n y el fortalecimiento de las medidas de prevenci\u00f3n para limitar la propagaci\u00f3n del virus.<\/p>\n<p>El Ministerio se mantiene en alerta para detectar nuevos casos y reiter\u00f3 su llamado a la concurrencia a centros de salud al presentarse s\u00edntomas compatibles con gripe.<\/p>\n","protected":false},"excerpt":{"rendered":"<p>El Ministerio de Salud report\u00f3 el primer fallecimiento por gripe H3N2 en el pa\u00eds y la detecci\u00f3n de 28 casos en catorce jurisdicciones.<\/p>\n","protected":false},"author":1,"featured_media":147248,"comment_status":"","ping_status":"","sticky":false,"template":"","format":"standard","meta":{"om_disable_all_campaigns":false,"_jetpack_memberships_contains_paid_content":false,"footnotes":""},"categories":[3],"tags":[],"class_list":["post-147249","post","type-post","status-publish","format-standard","has-post-thumbnail","hentry","category-nacionales"],"aioseo_notices":[],"gutentor_comment":0,"jetpack_featured_media_url":"https:\/\/eldiariodesanpedro.com.ar\/sitio\/wp-content\/uploads\/2026\/01\/207189_3.jpg","jetpack_shortlink":"https:\/\/wp.me\/p6RhLt-CiZ","jetpack_sharing_enabled":true,"_links":{"self":[{"href":"https:\/\/eldiariodesanpedro.com.ar\/sitio\/wp-json\/wp\/v2\/posts\/147249","targetHints":{"allow":["GET"]}}],"collection":[{"href":"https:\/\/eldiariodesanpedro.com.ar\/sitio\/wp-json\/wp\/v2\/posts"}],"about":[{"href":"https:\/\/eldiariodesanpedro.com.ar\/sitio\/wp-json\/wp\/v2\/types\/post"}],"author":[{"embeddable":true,"href":"https:\/\/eldiariodesanpedro.com.ar\/sitio\/wp-json\/wp\/v2\/users\/1"}],"replies":[{"embeddable":true,"href":"https:\/\/eldiariodesanpedro.com.ar\/sitio\/wp-json\/wp\/v2\/comments?post=147249"}],"version-history":[{"count":0,"href":"https:\/\/eldiariodesanpedro.com.ar\/sitio\/wp-json\/wp\/v2\/posts\/147249\/revisions"}],"wp:featuredmedia":[{"embeddable":true,"href":"https:\/\/eldiariodesanpedro.com.ar\/sitio\/wp-json\/wp\/v2\/media\/147248"}],"wp:attachment":[{"href":"https:\/\/eldiariodesanpedro.com.ar\/sitio\/wp-json\/wp\/v2\/media?parent=147249"}],"wp:term":[{"taxonomy":"category","embeddable":true,"href":"https:\/\/eldiariodesanpedro.com.ar\/sitio\/wp-json\/wp\/v2\/categories?post=147249"},{"taxonomy":"post_tag","embeddable":true,"href":"https:\/\/eldiariodesanpedro.com.ar\/sitio\/wp-json\/wp\/v2\/tags?post=147249"}],"curies":[{"name":"wp","href":"https:\/\/api.w.org\/{rel}","templated":true}]}}