{"id":147247,"date":"2026-01-21T18:36:04","date_gmt":"2026-01-21T21:36:04","guid":{"rendered":"https:\/\/eldiariodesanpedro.com.ar\/sitio\/bastian-fue-operado-de-urgencia-por-quinta-vez-tras-una-nueva-complicacion-cerebral\/"},"modified":"2026-01-21T18:36:04","modified_gmt":"2026-01-21T21:36:04","slug":"bastian-fue-operado-de-urgencia-por-quinta-vez-tras-una-nueva-complicacion-cerebral","status":"publish","type":"post","link":"https:\/\/eldiariodesanpedro.com.ar\/sitio\/bastian-fue-operado-de-urgencia-por-quinta-vez-tras-una-nueva-complicacion-cerebral\/","title":{"rendered":"Bastian Fue Operado De Urgencia Por Quinta Vez Tras Una Nueva Complicaci\u00f3n Cerebral"},"content":{"rendered":"<p><!-- VideographyWP Plugin Message: Automatic video embedding prevented by plugin options. --><\/p>\n<p><strong>Bastian<\/strong> debi\u00f3 ser sometido a una <strong>cirug\u00eda de emergencia<\/strong> tras presentar una nueva complicaci\u00f3n cerebral. La operaci\u00f3n se realiz\u00f3 en las \u00faltimas horas y representa la <strong>quinta intervenci\u00f3n quir\u00fargica<\/strong> a la que el joven debe hacer frente en el contexto de su delicado estado de salud.<\/p>\n<p>Desde el entorno familiar compartieron que la evoluci\u00f3n de Bastian se monitorea de cerca, y su estado permanece bajo observaci\u00f3n m\u00e9dica permanente. La reciente complicaci\u00f3n evidencia la gravedad de su situaci\u00f3n y genera una renovada preocupaci\u00f3n entre allegados y la comunidad.<\/p>\n<p>Profesionales de la salud indicaron que en estas circunstancias la evoluci\u00f3n puede ser variable y que el equipo m\u00e9dico continuar\u00e1 evaluando su respuesta tras la intervenci\u00f3n. Por el momento, Bastian permanece hospitalizado a la espera de avances positivos en su recuperaci\u00f3n.<\/p>\n","protected":false},"excerpt":{"rendered":"<p>El joven fue intervenido nuevamente por una complicaci\u00f3n en su cuadro neurol\u00f3gico. Se trata de la quinta cirug\u00eda que enfrenta Bastian.<\/p>\n","protected":false},"author":1,"featured_media":147246,"comment_status":"","ping_status":"","sticky":false,"template":"","format":"standard","meta":{"om_disable_all_campaigns":false,"_jetpack_memberships_contains_paid_content":false,"footnotes":""},"categories":[3],"tags":[],"class_list":["post-147247","post","type-post","status-publish","format-standard","has-post-thumbnail","hentry","category-nacionales"],"aioseo_notices":[],"gutentor_comment":0,"jetpack_featured_media_url":"https:\/\/eldiariodesanpedro.com.ar\/sitio\/wp-content\/uploads\/2026\/01\/207142_3.jpg","jetpack_shortlink":"https:\/\/wp.me\/p6RhLt-CiX","jetpack_sharing_enabled":true,"_links":{"self":[{"href":"https:\/\/eldiariodesanpedro.com.ar\/sitio\/wp-json\/wp\/v2\/posts\/147247","targetHints":{"allow":["GET"]}}],"collection":[{"href":"https:\/\/eldiariodesanpedro.com.ar\/sitio\/wp-json\/wp\/v2\/posts"}],"about":[{"href":"https:\/\/eldiariodesanpedro.com.ar\/sitio\/wp-json\/wp\/v2\/types\/post"}],"author":[{"embeddable":true,"href":"https:\/\/eldiariodesanpedro.com.ar\/sitio\/wp-json\/wp\/v2\/users\/1"}],"replies":[{"embeddable":true,"href":"https:\/\/eldiariodesanpedro.com.ar\/sitio\/wp-json\/wp\/v2\/comments?post=147247"}],"version-history":[{"count":0,"href":"https:\/\/eldiariodesanpedro.com.ar\/sitio\/wp-json\/wp\/v2\/posts\/147247\/revisions"}],"wp:featuredmedia":[{"embeddable":true,"href":"https:\/\/eldiariodesanpedro.com.ar\/sitio\/wp-json\/wp\/v2\/media\/147246"}],"wp:attachment":[{"href":"https:\/\/eldiariodesanpedro.com.ar\/sitio\/wp-json\/wp\/v2\/media?parent=147247"}],"wp:term":[{"taxonomy":"category","embeddable":true,"href":"https:\/\/eldiariodesanpedro.com.ar\/sitio\/wp-json\/wp\/v2\/categories?post=147247"},{"taxonomy":"post_tag","embeddable":true,"href":"https:\/\/eldiariodesanpedro.com.ar\/sitio\/wp-json\/wp\/v2\/tags?post=147247"}],"curies":[{"name":"wp","href":"https:\/\/api.w.org\/{rel}","templated":true}]}}