{"id":147245,"date":"2026-01-21T18:03:27","date_gmt":"2026-01-21T21:03:27","guid":{"rendered":"https:\/\/eldiariodesanpedro.com.ar\/sitio\/zarate-tiroteo-en-fiesta-clandestina-una-adolescente-resulto-herida-y-el-sospechoso-sigue-profugo\/"},"modified":"2026-01-21T18:03:27","modified_gmt":"2026-01-21T21:03:27","slug":"zarate-tiroteo-en-fiesta-clandestina-una-adolescente-resulto-herida-y-el-sospechoso-sigue-profugo","status":"publish","type":"post","link":"https:\/\/eldiariodesanpedro.com.ar\/sitio\/zarate-tiroteo-en-fiesta-clandestina-una-adolescente-resulto-herida-y-el-sospechoso-sigue-profugo\/","title":{"rendered":"Z\u00c1RATE | Tiroteo en fiesta clandestina: una adolescente result\u00f3 herida y el sospechoso sigue pr\u00f3fugo"},"content":{"rendered":"<p><!-- VideographyWP Plugin Message: Automatic video embedding prevented by plugin options. --><\/p>\n<p><strong>Un violento episodio tuvo lugar en la madrugada del s\u00e1bado en Z\u00e1rate<\/strong>, cuando una fiesta clandestina en el barrio La Florida termin\u00f3 con el saldo de una adolescente herida de bala y el principal sospechoso en fuga. El evento, realizado en una casaquinta y con decenas de j\u00f3venes presentes, deriv\u00f3 en un enfrentamiento entre dos grupos que desencaden\u00f3 la balacera.<\/p>\n<p>La v\u00edctima, <strong>Agustina Tatiana A., de 17 a\u00f1os<\/strong>, result\u00f3 gravemente lesionada en la pierna derecha. El disparo provoc\u00f3 una fractura expuesta y el proyectil qued\u00f3 alojado cerca de arterias vitales. Su padre, Maximiliano, manifest\u00f3 la preocupaci\u00f3n por las secuelas f\u00edsicas y emocionales que enfrenta su hija tras el hecho.<\/p>\n<p>Testigos se\u00f1alaron que el enfrentamiento comenz\u00f3 poco despu\u00e9s de las cinco de la ma\u00f1ana, cuando una discusi\u00f3n entre bandos escal\u00f3 r\u00e1pidamente. Uno de los asistentes sac\u00f3 un arma de fuego y dispar\u00f3 a corta distancia, generando p\u00e1nico entre los presentes.<\/p>\n<p>No se constat\u00f3 que la joven conociera a los involucrados en la pelea. Fue protegida por otro asistente durante el tiroteo y, ya herida, logr\u00f3 desplazarse por sus propios medios hasta que recibi\u00f3 asistencia m\u00e9dica.<\/p>\n<p>En un primer momento, <strong>la adolescente fue llevada al Hospital Virgen del Carmen de Z\u00e1rate<\/strong>, donde fue estabilizada e intervenida quir\u00fargicamente; sin embargo, no se logr\u00f3 extraer el proyectil. Posteriormente, fue trasladada al Sanatorio Dupuytren de Buenos Aires, donde los m\u00e9dicos lograron retirarlo y preparan una nueva operaci\u00f3n para colocarle una pr\u00f3tesis en el f\u00e9mur.<\/p>\n<p>Actualmente, la joven permanece internada y fuera de peligro, aunque con un significativo impacto psicol\u00f3gico. Su padre expres\u00f3 que el proceso de recuperaci\u00f3n no solo ser\u00e1 f\u00edsico, sino tambi\u00e9n emocional, debido al trauma experimentado.<\/p>\n<p>Otras dos personas tambi\u00e9n resultaron lesionadas durante el tiroteo; entre ellas, un joven identificado como Alexander Dar\u00edo R., quien se encuentra fuera de peligro.<\/p>\n<p>La investigaci\u00f3n est\u00e1 a cargo de la <strong>Dra. Carina de Angelis, titular de la UFI N\u00b0 8 de Z\u00e1rate<\/strong>, quien orden\u00f3 varios allanamientos. La polic\u00eda logr\u00f3 identificar al agresor principal, <strong>J. E. P., de 19 a\u00f1os<\/strong>, aunque hasta el momento permanece pr\u00f3fugo.<\/p>\n<p>Seg\u00fan declaraciones de testigos, la agresi\u00f3n estar\u00eda vinculada a cuentas pendientes entre grupos, aunque las causas del conflicto a\u00fan son materia de investigaci\u00f3n.<\/p>\n<p>La causa fue calificada como \u201cabuso de armas y lesiones\u201d, pero la familia de la adolescente solicita que se modifique a \u201cintento de homicidio\u201d. Exigen justicia y que hechos de este tipo no se repitan en la comunidad.<\/p>\n","protected":false},"excerpt":{"rendered":"<p>Una joven de 17 a\u00f1os sufri\u00f3 un disparo en la pierna tras un enfrentamiento durante una celebraci\u00f3n ilegal en Z\u00e1rate. El agresor es intensamente buscado.<\/p>\n","protected":false},"author":4,"featured_media":147244,"comment_status":"","ping_status":"","sticky":false,"template":"","format":"standard","meta":{"om_disable_all_campaigns":false,"_jetpack_memberships_contains_paid_content":false,"footnotes":""},"categories":[621],"tags":[],"class_list":["post-147245","post","type-post","status-publish","format-standard","has-post-thumbnail","hentry","category-regionales"],"aioseo_notices":[],"gutentor_comment":0,"jetpack_featured_media_url":"https:\/\/eldiariodesanpedro.com.ar\/sitio\/wp-content\/uploads\/2026\/01\/3W5BBE3WDZABDA5GMBOYGXMHZA.jpg","jetpack_shortlink":"https:\/\/wp.me\/p6RhLt-CiV","jetpack_sharing_enabled":true,"_links":{"self":[{"href":"https:\/\/eldiariodesanpedro.com.ar\/sitio\/wp-json\/wp\/v2\/posts\/147245","targetHints":{"allow":["GET"]}}],"collection":[{"href":"https:\/\/eldiariodesanpedro.com.ar\/sitio\/wp-json\/wp\/v2\/posts"}],"about":[{"href":"https:\/\/eldiariodesanpedro.com.ar\/sitio\/wp-json\/wp\/v2\/types\/post"}],"author":[{"embeddable":true,"href":"https:\/\/eldiariodesanpedro.com.ar\/sitio\/wp-json\/wp\/v2\/users\/4"}],"replies":[{"embeddable":true,"href":"https:\/\/eldiariodesanpedro.com.ar\/sitio\/wp-json\/wp\/v2\/comments?post=147245"}],"version-history":[{"count":0,"href":"https:\/\/eldiariodesanpedro.com.ar\/sitio\/wp-json\/wp\/v2\/posts\/147245\/revisions"}],"wp:featuredmedia":[{"embeddable":true,"href":"https:\/\/eldiariodesanpedro.com.ar\/sitio\/wp-json\/wp\/v2\/media\/147244"}],"wp:attachment":[{"href":"https:\/\/eldiariodesanpedro.com.ar\/sitio\/wp-json\/wp\/v2\/media?parent=147245"}],"wp:term":[{"taxonomy":"category","embeddable":true,"href":"https:\/\/eldiariodesanpedro.com.ar\/sitio\/wp-json\/wp\/v2\/categories?post=147245"},{"taxonomy":"post_tag","embeddable":true,"href":"https:\/\/eldiariodesanpedro.com.ar\/sitio\/wp-json\/wp\/v2\/tags?post=147245"}],"curies":[{"name":"wp","href":"https:\/\/api.w.org\/{rel}","templated":true}]}}